{"id":4672,"date":"2020-02-01T11:09:47","date_gmt":"2020-02-01T11:09:47","guid":{"rendered":"https:\/\/xn--klmmis-cua.se\/uncategorized-da\/moderat-klemmeis-med-froeblanding\/"},"modified":"2025-07-06T17:13:50","modified_gmt":"2025-07-06T17:13:50","slug":"moderat-klemmeis-med-froeblanding","status":"publish","type":"post","link":"https:\/\/xn--klmmis-cua.se\/da\/blog\/opskrift\/moderate-fastspaendingsanordninger\/moderat-klemmeis-med-froeblanding\/","title":{"rendered":"M\u00e6ttende klemme med fr\u00f8blanding"},"content":{"rendered":"\n<p>Til 4 klemmer:<\/p>\n\n<p>2 mellemstore bananer<\/p>\n\n<p>1 mindre s\u00f8dkartoffel<\/p>\n\n<p>1 \u00e6ble<\/p>\n\n<p>1 dl mango<\/p>\n\n<p>2 spsk f\u00e6rdigkogt fr\u00f8blanding<\/p>\n\n<p>Kog fr\u00f8blandingen efter anvisningerne p\u00e5 pakken. Skr\u00e6l og del s\u00f8dkartoflen. Kog den derefter nogle minutter for at g\u00f8re den bl\u00f8d. Gem vandet, som du kogte kartoflen i. Skr\u00e6l og del \u00e6blet i mindre stykker. Blend \u00e6blet med mangoen, bananen og kartoflen.     <\/p>\n\n<p>Synes du konsistensen er for tyk, er det en god id\u00e9 at tils\u00e6tte kogevandet fra tidligere trin.<\/p>\n\n<p>Egner sig godt til indfrysning og holder sig s\u00e5 i ca. 3-4 m\u00e5neder. Opbevares i k\u00f8leskab i h\u00f8jst 3 dage. <\/p>\n\n<hr class=\"wp-block-separator has-css-opacity\"\/>\n\n<p><strong>Har du brug for genanvendelige poser til denne opskrift? <br\/><\/strong>Klemmer, der passer godt til denne opskrift, kan k\u00f8bes hos <a href=\"https:\/\/mylittlemeal.se\/\">My Little Meal<\/a>. Lige nu kan I bruge rabatkoden \u00bbmylittlemeal20\u00ab for 20% rabat p\u00e5 alle klemmer. Almindelige klemmeposer og silikoneklemmer findes i deres sortiment og passer til b\u00f8rn i alle aldre.  <\/p>\n\n<figure class=\"wp-block-image size-large\"><img fetchpriority=\"high\" decoding=\"async\" width=\"1024\" height=\"1024\" src=\"https:\/\/xn--klmmis-cua.se\/wp-content\/uploads\/2020\/02\/Klammis-barnmat-1024x1024.jpg\" alt=\"\" class=\"wp-image-4205\" srcset=\"https:\/\/xn--klmmis-cua.se\/wp-content\/uploads\/2020\/02\/Klammis-barnmat-1024x1024.jpg 1024w, https:\/\/xn--klmmis-cua.se\/wp-content\/uploads\/2020\/02\/Klammis-barnmat-300x300.jpg 300w, https:\/\/xn--klmmis-cua.se\/wp-content\/uploads\/2020\/02\/Klammis-barnmat-150x150.jpg 150w, https:\/\/xn--klmmis-cua.se\/wp-content\/uploads\/2020\/02\/Klammis-barnmat-768x767.jpg 768w, https:\/\/xn--klmmis-cua.se\/wp-content\/uploads\/2020\/02\/Klammis-barnmat-500x500.jpg 500w, https:\/\/xn--klmmis-cua.se\/wp-content\/uploads\/2020\/02\/Klammis-barnmat-600x599.jpg 600w, https:\/\/xn--klmmis-cua.se\/wp-content\/uploads\/2020\/02\/Klammis-barnmat-100x100.jpg 100w, https:\/\/xn--klmmis-cua.se\/wp-content\/uploads\/2020\/02\/Klammis-barnmat.jpg 1157w\" sizes=\"(max-width: 1024px) 100vw, 1024px\" \/><\/figure>\n\n<hr class=\"wp-block-separator has-css-opacity\"\/>\n\n<p><\/p>\n","protected":false},"excerpt":{"rendered":"<p>Til 4 klemmer: 2 mellemstore bananer 1 mindre s\u00f8dkartoffel 1 \u00e6ble 1 dl mango 2 spsk f\u00e6rdigkogt fr\u00f8blanding Kog fr\u00f8blandingen efter anvisningerne p\u00e5 pakken. Skr\u00e6l og del s\u00f8dkartoflen. Kog den derefter nogle minutter for at g\u00f8re den bl\u00f8d. Gem vandet, som du kogte kartoflen i. Skr\u00e6l og del \u00e6blet i mindre stykker. Blend \u00e6blet med [&hellip;]<\/p>\n","protected":false},"author":1,"featured_media":4453,"comment_status":"open","ping_status":"open","sticky":false,"template":"","format":"standard","meta":{"footnotes":""},"categories":[156,142,132,154],"tags":[],"class_list":["post-4672","post","type-post","status-publish","format-standard","has-post-thumbnail","hentry","category-klemmer-er-gode-for-din-mave","category-klemmer-til-born-over-1-ar","category-laktosefri-klemmer","category-moderate-fastspaendingsanordninger","entry","has-media","owp-thumbs-layout-horizontal","owp-btn-normal","owp-tabs-layout-horizontal","has-no-thumbnails","has-product-nav"],"yoast_head":"<!-- This site is optimized with the Yoast SEO plugin v27.5 - https:\/\/yoast.com\/product\/yoast-seo-wordpress\/ -->\n<title>M\u00e6ttende klemme med fr\u00f8blanding - Allt om kl\u00e4mmisar!<\/title>\n<meta name=\"description\" content=\"M\u00e6ttende klemme med fiberrig fr\u00f8blanding. God hvis dit barn er forstoppet eller har brug for lidt ekstra fibre.\" \/>\n<meta name=\"robots\" content=\"index, follow, max-snippet:-1, max-image-preview:large, max-video-preview:-1\" \/>\n<link rel=\"canonical\" href=\"https:\/\/xn--klmmis-cua.se\/da\/blog\/opskrift\/moderate-fastspaendingsanordninger\/moderat-klemmeis-med-froeblanding\/\" \/>\n<meta property=\"og:locale\" content=\"da_DK\" \/>\n<meta property=\"og:type\" content=\"article\" \/>\n<meta property=\"og:title\" content=\"M\u00e6ttende klemme med fr\u00f8blanding - Allt om kl\u00e4mmisar!\" \/>\n<meta property=\"og:description\" content=\"M\u00e6ttende klemme med fiberrig fr\u00f8blanding. God hvis dit barn er forstoppet eller har brug for lidt ekstra fibre.\" \/>\n<meta property=\"og:url\" content=\"https:\/\/xn--klmmis-cua.se\/da\/blog\/opskrift\/moderate-fastspaendingsanordninger\/moderat-klemmeis-med-froeblanding\/\" \/>\n<meta property=\"og:site_name\" content=\"Allt om kl\u00e4mmisar!\" \/>\n<meta property=\"article:author\" content=\"https:\/\/www.facebook.com\/Klmmisse-107565340664378\/\" \/>\n<meta property=\"article:published_time\" content=\"2020-02-01T11:09:47+00:00\" \/>\n<meta property=\"article:modified_time\" content=\"2025-07-06T17:13:50+00:00\" \/>\n<meta property=\"og:image\" content=\"https:\/\/xn--klmmis-cua.se\/wp-content\/uploads\/2020\/02\/kla\u0308mmis-fro\u0308blandning.jpg\" \/>\n\t<meta property=\"og:image:width\" content=\"960\" \/>\n\t<meta property=\"og:image:height\" content=\"960\" \/>\n\t<meta property=\"og:image:type\" content=\"image\/jpeg\" \/>\n<meta name=\"author\" content=\"Svensson Andr\u00e9\" \/>\n<meta name=\"twitter:card\" content=\"summary_large_image\" \/>\n<meta name=\"twitter:label1\" content=\"Skrevet af\" \/>\n\t<meta name=\"twitter:data1\" content=\"Svensson Andr\u00e9\" \/>\n\t<meta name=\"twitter:label2\" content=\"Estimeret l\u00e6setid\" \/>\n\t<meta name=\"twitter:data2\" content=\"1 minut\" \/>\n<script type=\"application\/ld+json\" class=\"yoast-schema-graph\">{\"@context\":\"https:\\\/\\\/schema.org\",\"@graph\":[{\"@type\":\"Article\",\"@id\":\"https:\\\/\\\/xn--klmmis-cua.se\\\/da\\\/blog\\\/opskrift\\\/moderate-fastspaendingsanordninger\\\/moderat-klemmeis-med-froeblanding\\\/#article\",\"isPartOf\":{\"@id\":\"https:\\\/\\\/xn--klmmis-cua.se\\\/da\\\/blog\\\/opskrift\\\/moderate-fastspaendingsanordninger\\\/moderat-klemmeis-med-froeblanding\\\/\"},\"author\":{\"name\":\"Svensson Andr\u00e9\",\"@id\":\"https:\\\/\\\/xn--klmmis-cua.se\\\/da\\\/#\\\/schema\\\/person\\\/8092e594d0f039659e33a1a73ecea786\"},\"headline\":\"M\u00e6ttende klemme med fr\u00f8blanding\",\"datePublished\":\"2020-02-01T11:09:47+00:00\",\"dateModified\":\"2025-07-06T17:13:50+00:00\",\"mainEntityOfPage\":{\"@id\":\"https:\\\/\\\/xn--klmmis-cua.se\\\/da\\\/blog\\\/opskrift\\\/moderate-fastspaendingsanordninger\\\/moderat-klemmeis-med-froeblanding\\\/\"},\"wordCount\":159,\"commentCount\":0,\"publisher\":{\"@id\":\"https:\\\/\\\/xn--klmmis-cua.se\\\/da\\\/#organization\"},\"image\":{\"@id\":\"https:\\\/\\\/xn--klmmis-cua.se\\\/da\\\/blog\\\/opskrift\\\/moderate-fastspaendingsanordninger\\\/moderat-klemmeis-med-froeblanding\\\/#primaryimage\"},\"thumbnailUrl\":\"https:\\\/\\\/xn--klmmis-cua.se\\\/wp-content\\\/uploads\\\/2020\\\/02\\\/kla\u0308mmis-fro\u0308blandning.jpg\",\"articleSection\":[\"Klemmer er gode for din mave\",\"Klemmer til b\u00f8rn over 1 \u00e5r\",\"Laktosefri klemmer\",\"Moderate fastsp\u00e6ndingsanordninger\"],\"inLanguage\":\"da-DK\",\"potentialAction\":[{\"@type\":\"CommentAction\",\"name\":\"Comment\",\"target\":[\"https:\\\/\\\/xn--klmmis-cua.se\\\/da\\\/blog\\\/opskrift\\\/moderate-fastspaendingsanordninger\\\/moderat-klemmeis-med-froeblanding\\\/#respond\"]}]},{\"@type\":\"WebPage\",\"@id\":\"https:\\\/\\\/xn--klmmis-cua.se\\\/da\\\/blog\\\/opskrift\\\/moderate-fastspaendingsanordninger\\\/moderat-klemmeis-med-froeblanding\\\/\",\"url\":\"https:\\\/\\\/xn--klmmis-cua.se\\\/da\\\/blog\\\/opskrift\\\/moderate-fastspaendingsanordninger\\\/moderat-klemmeis-med-froeblanding\\\/\",\"name\":\"M\u00e6ttende klemme med fr\u00f8blanding - Allt om kl\u00e4mmisar!\",\"isPartOf\":{\"@id\":\"https:\\\/\\\/xn--klmmis-cua.se\\\/da\\\/#website\"},\"primaryImageOfPage\":{\"@id\":\"https:\\\/\\\/xn--klmmis-cua.se\\\/da\\\/blog\\\/opskrift\\\/moderate-fastspaendingsanordninger\\\/moderat-klemmeis-med-froeblanding\\\/#primaryimage\"},\"image\":{\"@id\":\"https:\\\/\\\/xn--klmmis-cua.se\\\/da\\\/blog\\\/opskrift\\\/moderate-fastspaendingsanordninger\\\/moderat-klemmeis-med-froeblanding\\\/#primaryimage\"},\"thumbnailUrl\":\"https:\\\/\\\/xn--klmmis-cua.se\\\/wp-content\\\/uploads\\\/2020\\\/02\\\/kla\u0308mmis-fro\u0308blandning.jpg\",\"datePublished\":\"2020-02-01T11:09:47+00:00\",\"dateModified\":\"2025-07-06T17:13:50+00:00\",\"description\":\"M\u00e6ttende klemme med fiberrig fr\u00f8blanding. God hvis dit barn er forstoppet eller har brug for lidt ekstra fibre.\",\"breadcrumb\":{\"@id\":\"https:\\\/\\\/xn--klmmis-cua.se\\\/da\\\/blog\\\/opskrift\\\/moderate-fastspaendingsanordninger\\\/moderat-klemmeis-med-froeblanding\\\/#breadcrumb\"},\"inLanguage\":\"da-DK\",\"potentialAction\":[{\"@type\":\"ReadAction\",\"target\":[\"https:\\\/\\\/xn--klmmis-cua.se\\\/da\\\/blog\\\/opskrift\\\/moderate-fastspaendingsanordninger\\\/moderat-klemmeis-med-froeblanding\\\/\"]}]},{\"@type\":\"ImageObject\",\"inLanguage\":\"da-DK\",\"@id\":\"https:\\\/\\\/xn--klmmis-cua.se\\\/da\\\/blog\\\/opskrift\\\/moderate-fastspaendingsanordninger\\\/moderat-klemmeis-med-froeblanding\\\/#primaryimage\",\"url\":\"https:\\\/\\\/xn--klmmis-cua.se\\\/wp-content\\\/uploads\\\/2020\\\/02\\\/kla\u0308mmis-fro\u0308blandning.jpg\",\"contentUrl\":\"https:\\\/\\\/xn--klmmis-cua.se\\\/wp-content\\\/uploads\\\/2020\\\/02\\\/kla\u0308mmis-fro\u0308blandning.jpg\",\"width\":960,\"height\":960},{\"@type\":\"BreadcrumbList\",\"@id\":\"https:\\\/\\\/xn--klmmis-cua.se\\\/da\\\/blog\\\/opskrift\\\/moderate-fastspaendingsanordninger\\\/moderat-klemmeis-med-froeblanding\\\/#breadcrumb\",\"itemListElement\":[{\"@type\":\"ListItem\",\"position\":1,\"name\":\"Hjem\",\"item\":\"https:\\\/\\\/xn--klmmis-cua.se\\\/da\\\/\"},{\"@type\":\"ListItem\",\"position\":2,\"name\":\"M\u00e6ttende klemme med fr\u00f8blanding\"}]},{\"@type\":\"WebSite\",\"@id\":\"https:\\\/\\\/xn--klmmis-cua.se\\\/da\\\/#website\",\"url\":\"https:\\\/\\\/xn--klmmis-cua.se\\\/da\\\/\",\"name\":\"Allt om kl\u00e4mmisar!\",\"description\":\"Recept och inspiration till kl\u00e4mmisar\",\"publisher\":{\"@id\":\"https:\\\/\\\/xn--klmmis-cua.se\\\/da\\\/#organization\"},\"potentialAction\":[{\"@type\":\"SearchAction\",\"target\":{\"@type\":\"EntryPoint\",\"urlTemplate\":\"https:\\\/\\\/xn--klmmis-cua.se\\\/da\\\/?s={search_term_string}\"},\"query-input\":{\"@type\":\"PropertyValueSpecification\",\"valueRequired\":true,\"valueName\":\"search_term_string\"}}],\"inLanguage\":\"da-DK\"},{\"@type\":\"Organization\",\"@id\":\"https:\\\/\\\/xn--klmmis-cua.se\\\/da\\\/#organization\",\"name\":\"Kl\u00e4mmis.se\",\"url\":\"https:\\\/\\\/xn--klmmis-cua.se\\\/da\\\/\",\"logo\":{\"@type\":\"ImageObject\",\"inLanguage\":\"da-DK\",\"@id\":\"https:\\\/\\\/xn--klmmis-cua.se\\\/da\\\/#\\\/schema\\\/logo\\\/image\\\/\",\"url\":\"https:\\\/\\\/xn--klmmis-cua.se\\\/wp-content\\\/uploads\\\/2019\\\/11\\\/klammis-se-logo.jpg\",\"contentUrl\":\"https:\\\/\\\/xn--klmmis-cua.se\\\/wp-content\\\/uploads\\\/2019\\\/11\\\/klammis-se-logo.jpg\",\"width\":573,\"height\":565,\"caption\":\"Kl\u00e4mmis.se\"},\"image\":{\"@id\":\"https:\\\/\\\/xn--klmmis-cua.se\\\/da\\\/#\\\/schema\\\/logo\\\/image\\\/\"},\"sameAs\":[\"https:\\\/\\\/www.instagram.com\\\/klammis.se\\\/\"]},{\"@type\":\"Person\",\"@id\":\"https:\\\/\\\/xn--klmmis-cua.se\\\/da\\\/#\\\/schema\\\/person\\\/8092e594d0f039659e33a1a73ecea786\",\"name\":\"Svensson Andr\u00e9\",\"image\":{\"@type\":\"ImageObject\",\"inLanguage\":\"da-DK\",\"@id\":\"https:\\\/\\\/secure.gravatar.com\\\/avatar\\\/21cde482852c04574890914b0223036138002a4bf06367c6c1212762ec235125?s=96&r=g\",\"url\":\"https:\\\/\\\/secure.gravatar.com\\\/avatar\\\/21cde482852c04574890914b0223036138002a4bf06367c6c1212762ec235125?s=96&r=g\",\"contentUrl\":\"https:\\\/\\\/secure.gravatar.com\\\/avatar\\\/21cde482852c04574890914b0223036138002a4bf06367c6c1212762ec235125?s=96&r=g\",\"caption\":\"Svensson Andr\u00e9\"},\"sameAs\":[\"http:\\\/\\\/kl\u00e4mmis.se\",\"https:\\\/\\\/www.facebook.com\\\/Klmmisse-107565340664378\\\/\",\"https:\\\/\\\/www.instagram.com\\\/klammis.se\\\/\"]}]}<\/script>\n<!-- \/ Yoast SEO plugin. -->","yoast_head_json":{"title":"M\u00e6ttende klemme med fr\u00f8blanding - Allt om kl\u00e4mmisar!","description":"M\u00e6ttende klemme med fiberrig fr\u00f8blanding. God hvis dit barn er forstoppet eller har brug for lidt ekstra fibre.","robots":{"index":"index","follow":"follow","max-snippet":"max-snippet:-1","max-image-preview":"max-image-preview:large","max-video-preview":"max-video-preview:-1"},"canonical":"https:\/\/xn--klmmis-cua.se\/da\/blog\/opskrift\/moderate-fastspaendingsanordninger\/moderat-klemmeis-med-froeblanding\/","og_locale":"da_DK","og_type":"article","og_title":"M\u00e6ttende klemme med fr\u00f8blanding - Allt om kl\u00e4mmisar!","og_description":"M\u00e6ttende klemme med fiberrig fr\u00f8blanding. God hvis dit barn er forstoppet eller har brug for lidt ekstra fibre.","og_url":"https:\/\/xn--klmmis-cua.se\/da\/blog\/opskrift\/moderate-fastspaendingsanordninger\/moderat-klemmeis-med-froeblanding\/","og_site_name":"Allt om kl\u00e4mmisar!","article_author":"https:\/\/www.facebook.com\/Klmmisse-107565340664378\/","article_published_time":"2020-02-01T11:09:47+00:00","article_modified_time":"2025-07-06T17:13:50+00:00","og_image":[{"width":960,"height":960,"url":"https:\/\/xn--klmmis-cua.se\/wp-content\/uploads\/2020\/02\/kla\u0308mmis-fro\u0308blandning.jpg","type":"image\/jpeg"}],"author":"Svensson Andr\u00e9","twitter_card":"summary_large_image","twitter_misc":{"Skrevet af":"Svensson Andr\u00e9","Estimeret l\u00e6setid":"1 minut"},"schema":{"@context":"https:\/\/schema.org","@graph":[{"@type":"Article","@id":"https:\/\/xn--klmmis-cua.se\/da\/blog\/opskrift\/moderate-fastspaendingsanordninger\/moderat-klemmeis-med-froeblanding\/#article","isPartOf":{"@id":"https:\/\/xn--klmmis-cua.se\/da\/blog\/opskrift\/moderate-fastspaendingsanordninger\/moderat-klemmeis-med-froeblanding\/"},"author":{"name":"Svensson Andr\u00e9","@id":"https:\/\/xn--klmmis-cua.se\/da\/#\/schema\/person\/8092e594d0f039659e33a1a73ecea786"},"headline":"M\u00e6ttende klemme med fr\u00f8blanding","datePublished":"2020-02-01T11:09:47+00:00","dateModified":"2025-07-06T17:13:50+00:00","mainEntityOfPage":{"@id":"https:\/\/xn--klmmis-cua.se\/da\/blog\/opskrift\/moderate-fastspaendingsanordninger\/moderat-klemmeis-med-froeblanding\/"},"wordCount":159,"commentCount":0,"publisher":{"@id":"https:\/\/xn--klmmis-cua.se\/da\/#organization"},"image":{"@id":"https:\/\/xn--klmmis-cua.se\/da\/blog\/opskrift\/moderate-fastspaendingsanordninger\/moderat-klemmeis-med-froeblanding\/#primaryimage"},"thumbnailUrl":"https:\/\/xn--klmmis-cua.se\/wp-content\/uploads\/2020\/02\/kla\u0308mmis-fro\u0308blandning.jpg","articleSection":["Klemmer er gode for din mave","Klemmer til b\u00f8rn over 1 \u00e5r","Laktosefri klemmer","Moderate fastsp\u00e6ndingsanordninger"],"inLanguage":"da-DK","potentialAction":[{"@type":"CommentAction","name":"Comment","target":["https:\/\/xn--klmmis-cua.se\/da\/blog\/opskrift\/moderate-fastspaendingsanordninger\/moderat-klemmeis-med-froeblanding\/#respond"]}]},{"@type":"WebPage","@id":"https:\/\/xn--klmmis-cua.se\/da\/blog\/opskrift\/moderate-fastspaendingsanordninger\/moderat-klemmeis-med-froeblanding\/","url":"https:\/\/xn--klmmis-cua.se\/da\/blog\/opskrift\/moderate-fastspaendingsanordninger\/moderat-klemmeis-med-froeblanding\/","name":"M\u00e6ttende klemme med fr\u00f8blanding - Allt om kl\u00e4mmisar!","isPartOf":{"@id":"https:\/\/xn--klmmis-cua.se\/da\/#website"},"primaryImageOfPage":{"@id":"https:\/\/xn--klmmis-cua.se\/da\/blog\/opskrift\/moderate-fastspaendingsanordninger\/moderat-klemmeis-med-froeblanding\/#primaryimage"},"image":{"@id":"https:\/\/xn--klmmis-cua.se\/da\/blog\/opskrift\/moderate-fastspaendingsanordninger\/moderat-klemmeis-med-froeblanding\/#primaryimage"},"thumbnailUrl":"https:\/\/xn--klmmis-cua.se\/wp-content\/uploads\/2020\/02\/kla\u0308mmis-fro\u0308blandning.jpg","datePublished":"2020-02-01T11:09:47+00:00","dateModified":"2025-07-06T17:13:50+00:00","description":"M\u00e6ttende klemme med fiberrig fr\u00f8blanding. God hvis dit barn er forstoppet eller har brug for lidt ekstra fibre.","breadcrumb":{"@id":"https:\/\/xn--klmmis-cua.se\/da\/blog\/opskrift\/moderate-fastspaendingsanordninger\/moderat-klemmeis-med-froeblanding\/#breadcrumb"},"inLanguage":"da-DK","potentialAction":[{"@type":"ReadAction","target":["https:\/\/xn--klmmis-cua.se\/da\/blog\/opskrift\/moderate-fastspaendingsanordninger\/moderat-klemmeis-med-froeblanding\/"]}]},{"@type":"ImageObject","inLanguage":"da-DK","@id":"https:\/\/xn--klmmis-cua.se\/da\/blog\/opskrift\/moderate-fastspaendingsanordninger\/moderat-klemmeis-med-froeblanding\/#primaryimage","url":"https:\/\/xn--klmmis-cua.se\/wp-content\/uploads\/2020\/02\/kla\u0308mmis-fro\u0308blandning.jpg","contentUrl":"https:\/\/xn--klmmis-cua.se\/wp-content\/uploads\/2020\/02\/kla\u0308mmis-fro\u0308blandning.jpg","width":960,"height":960},{"@type":"BreadcrumbList","@id":"https:\/\/xn--klmmis-cua.se\/da\/blog\/opskrift\/moderate-fastspaendingsanordninger\/moderat-klemmeis-med-froeblanding\/#breadcrumb","itemListElement":[{"@type":"ListItem","position":1,"name":"Hjem","item":"https:\/\/xn--klmmis-cua.se\/da\/"},{"@type":"ListItem","position":2,"name":"M\u00e6ttende klemme med fr\u00f8blanding"}]},{"@type":"WebSite","@id":"https:\/\/xn--klmmis-cua.se\/da\/#website","url":"https:\/\/xn--klmmis-cua.se\/da\/","name":"Allt om kl\u00e4mmisar!","description":"Recept och inspiration till kl\u00e4mmisar","publisher":{"@id":"https:\/\/xn--klmmis-cua.se\/da\/#organization"},"potentialAction":[{"@type":"SearchAction","target":{"@type":"EntryPoint","urlTemplate":"https:\/\/xn--klmmis-cua.se\/da\/?s={search_term_string}"},"query-input":{"@type":"PropertyValueSpecification","valueRequired":true,"valueName":"search_term_string"}}],"inLanguage":"da-DK"},{"@type":"Organization","@id":"https:\/\/xn--klmmis-cua.se\/da\/#organization","name":"Kl\u00e4mmis.se","url":"https:\/\/xn--klmmis-cua.se\/da\/","logo":{"@type":"ImageObject","inLanguage":"da-DK","@id":"https:\/\/xn--klmmis-cua.se\/da\/#\/schema\/logo\/image\/","url":"https:\/\/xn--klmmis-cua.se\/wp-content\/uploads\/2019\/11\/klammis-se-logo.jpg","contentUrl":"https:\/\/xn--klmmis-cua.se\/wp-content\/uploads\/2019\/11\/klammis-se-logo.jpg","width":573,"height":565,"caption":"Kl\u00e4mmis.se"},"image":{"@id":"https:\/\/xn--klmmis-cua.se\/da\/#\/schema\/logo\/image\/"},"sameAs":["https:\/\/www.instagram.com\/klammis.se\/"]},{"@type":"Person","@id":"https:\/\/xn--klmmis-cua.se\/da\/#\/schema\/person\/8092e594d0f039659e33a1a73ecea786","name":"Svensson Andr\u00e9","image":{"@type":"ImageObject","inLanguage":"da-DK","@id":"https:\/\/secure.gravatar.com\/avatar\/21cde482852c04574890914b0223036138002a4bf06367c6c1212762ec235125?s=96&r=g","url":"https:\/\/secure.gravatar.com\/avatar\/21cde482852c04574890914b0223036138002a4bf06367c6c1212762ec235125?s=96&r=g","contentUrl":"https:\/\/secure.gravatar.com\/avatar\/21cde482852c04574890914b0223036138002a4bf06367c6c1212762ec235125?s=96&r=g","caption":"Svensson Andr\u00e9"},"sameAs":["http:\/\/kl\u00e4mmis.se","https:\/\/www.facebook.com\/Klmmisse-107565340664378\/","https:\/\/www.instagram.com\/klammis.se\/"]}]}},"_links":{"self":[{"href":"https:\/\/xn--klmmis-cua.se\/da\/wp-json\/wp\/v2\/posts\/4672","targetHints":{"allow":["GET"]}}],"collection":[{"href":"https:\/\/xn--klmmis-cua.se\/da\/wp-json\/wp\/v2\/posts"}],"about":[{"href":"https:\/\/xn--klmmis-cua.se\/da\/wp-json\/wp\/v2\/types\/post"}],"author":[{"embeddable":true,"href":"https:\/\/xn--klmmis-cua.se\/da\/wp-json\/wp\/v2\/users\/1"}],"replies":[{"embeddable":true,"href":"https:\/\/xn--klmmis-cua.se\/da\/wp-json\/wp\/v2\/comments?post=4672"}],"version-history":[{"count":3,"href":"https:\/\/xn--klmmis-cua.se\/da\/wp-json\/wp\/v2\/posts\/4672\/revisions"}],"predecessor-version":[{"id":5462,"href":"https:\/\/xn--klmmis-cua.se\/da\/wp-json\/wp\/v2\/posts\/4672\/revisions\/5462"}],"wp:featuredmedia":[{"embeddable":true,"href":"https:\/\/xn--klmmis-cua.se\/da\/wp-json\/wp\/v2\/media\/4453"}],"wp:attachment":[{"href":"https:\/\/xn--klmmis-cua.se\/da\/wp-json\/wp\/v2\/media?parent=4672"}],"wp:term":[{"taxonomy":"category","embeddable":true,"href":"https:\/\/xn--klmmis-cua.se\/da\/wp-json\/wp\/v2\/categories?post=4672"},{"taxonomy":"post_tag","embeddable":true,"href":"https:\/\/xn--klmmis-cua.se\/da\/wp-json\/wp\/v2\/tags?post=4672"}],"curies":[{"name":"wp","href":"https:\/\/api.w.org\/{rel}","templated":true}]}}