{"id":4733,"date":"2019-11-18T21:16:37","date_gmt":"2019-11-18T21:16:37","guid":{"rendered":"https:\/\/xn--klmmis-cua.se\/uncategorized-da\/klemmer-og-boerns-udvikling\/"},"modified":"2025-07-06T17:14:16","modified_gmt":"2025-07-06T17:14:16","slug":"klemmer-og-boerns-udvikling","status":"publish","type":"post","link":"https:\/\/xn--klmmis-cua.se\/da\/blog\/klemmer-og-boerns-udvikling\/","title":{"rendered":"Klemmere og b\u00f8rns udvikling"},"content":{"rendered":"\n<p>Klemmere er blevet utroligt popul\u00e6re og beskrives ofte som en gave fra gud til stressede for\u00e6ldre. I USA udg\u00f8r klemmere hele 25% af den samlede m\u00e6ngde babymad, der s\u00e6lges.  <\/p>\n\n<p>If\u00f8lge en <a href=\"https:\/\/www.nytimes.com\/2018\/06\/19\/well\/rethinking-baby-food-pouches.html\">artikel i NY-Times<\/a> har eksperter unders\u00f8gt, hvordan klemmere p\u00e5virker b\u00f8rns evne til at h\u00e5ndtere og spise mad og anbefaler at bruge dem med m\u00e5de &#8211; uanset hvor praktiske de er.<\/p>\n\n<p>Da disse praktiske snacks kan varieres i det uendelige med indhold fra gr\u00f8ntsagspur\u00e9 til almindelig mad, der er tilpasset emballagen, er klemmere for mange for\u00e6ldre blevet en let tilg\u00e6ngelig m\u00e5de at k\u00f8be sig lidt ekstra frihed. Hvor praktisk er det ikke at give barnet en klemme, n\u00e5r man er p\u00e5 farten og ikke har mulighed for at finde en tallerken og ske? Baseret p\u00e5 klemmens enorme popularitet, har det vist sig at v\u00e6re lidt for nemt.  <\/p>\n\n<p>Eksperternes r\u00e5d er derfor, brug klemmere med m\u00e5de.<\/p>\n\n<p>Hvorfor?<\/p>\n\n<p>Netop i den alder (6 m\u00e5neder &#8211; 3 \u00e5r), hvor for\u00e6ldre ofte introducerer klemmere i barnets kost, falder sammen med det trin i barnets udvikling, hvor evnen til at spise og bruge munden korrekt ogs\u00e5 udvikles mest. Det er simpelthen for lidt udfordring for barnet at spise fra en klemme. <\/p>\n\n<p>Klemmere er fremragende til at im\u00f8dekomme b\u00f8rns behov for vitaminer og mineraler fra gr\u00f8ntsager og frugt, som b\u00f8rn ellers kan v\u00e6re tilbageholdende med at spise. Men i de f\u00f8rste \u00e5r af livet er de erfaringer, der kommer af at spise mad i sin oprindelige form, n\u00e6sten lige s\u00e5 vigtige og kan spille en betydelig rolle senere i livet. <\/p>\n\n<p>Fra omkring 6 m\u00e5neder begynder barnet at udvikle sine tungebev\u00e6gelser, hvilket g\u00f8r det muligt at indtage mere kompleks mad ud over moderm\u00e6lk eller erstatning. At spise fra en pose udvikler ikke denne adf\u00e6rd lige s\u00e5 godt som at indtage mad i \u00bbnormal\u00ab form.  <\/p>\n\n<p>Men selvf\u00f8lgelig er der ingen grund til bekymring, medmindre barnet udelukkende spiser klemmere. <strong><em>Kara Larson<\/em><\/strong> er tale- og sprogekspert p\u00e5 Boston Children&#8217;s Hospital og mener, at b\u00f8rn skulle suge p\u00e5 klemmere i lange perioder dagligt for virkelig at forstyrre udviklingen. <\/p>\n\n<p>S\u00e5 l\u00e6nge man bruger klemmere med m\u00e5de, er det kun forbundet med fordele if\u00f8lge eksperterne.<\/p>\n\n<p><\/p>\n","protected":false},"excerpt":{"rendered":"<p>Klemmere er blevet utroligt popul\u00e6re og beskrives ofte som en gave fra gud til stressede for\u00e6ldre. I USA udg\u00f8r klemmere hele 25% af den samlede m\u00e6ngde babymad, der s\u00e6lges. If\u00f8lge en artikel i NY-Times har eksperter unders\u00f8gt, hvordan klemmere p\u00e5virker b\u00f8rns evne til at h\u00e5ndtere og spise mad og anbefaler at bruge dem med m\u00e5de [&hellip;]<\/p>\n","protected":false},"author":1,"featured_media":4381,"comment_status":"open","ping_status":"open","sticky":false,"template":"","format":"standard","meta":{"footnotes":""},"categories":[152],"tags":[],"class_list":["post-4733","post","type-post","status-publish","format-standard","has-post-thumbnail","hentry","category-blog","entry","has-media","owp-thumbs-layout-horizontal","owp-btn-normal","owp-tabs-layout-horizontal","has-no-thumbnails","has-product-nav"],"yoast_head":"<!-- This site is optimized with the Yoast SEO plugin v27.5 - https:\/\/yoast.com\/product\/yoast-seo-wordpress\/ -->\n<title>Klemmere og b\u00f8rns udvikling - Allt om kl\u00e4mmisar!<\/title>\n<meta name=\"description\" content=\"Vi f\u00e5r ofte sp\u00f8rgsm\u00e5l om, hvordan klemmere kan p\u00e5virke b\u00f8rns udvikling. I dette indl\u00e6g gennemg\u00e5r vi, hvad den nyeste forskning siger om, hvorvidt de har en indvirkning.\" \/>\n<meta name=\"robots\" content=\"index, follow, max-snippet:-1, max-image-preview:large, max-video-preview:-1\" \/>\n<link rel=\"canonical\" href=\"https:\/\/xn--klmmis-cua.se\/da\/blog\/klemmer-og-boerns-udvikling\/\" \/>\n<meta property=\"og:locale\" content=\"da_DK\" \/>\n<meta property=\"og:type\" content=\"article\" \/>\n<meta property=\"og:title\" content=\"Klemmere og b\u00f8rns udvikling - Allt om kl\u00e4mmisar!\" \/>\n<meta property=\"og:description\" content=\"Vi f\u00e5r ofte sp\u00f8rgsm\u00e5l om, hvordan klemmere kan p\u00e5virke b\u00f8rns udvikling. I dette indl\u00e6g gennemg\u00e5r vi, hvad den nyeste forskning siger om, hvorvidt de har en indvirkning.\" \/>\n<meta property=\"og:url\" content=\"https:\/\/xn--klmmis-cua.se\/da\/blog\/klemmer-og-boerns-udvikling\/\" \/>\n<meta property=\"og:site_name\" content=\"Allt om kl\u00e4mmisar!\" \/>\n<meta property=\"article:author\" content=\"https:\/\/www.facebook.com\/Klmmisse-107565340664378\/\" \/>\n<meta property=\"article:published_time\" content=\"2019-11-18T21:16:37+00:00\" \/>\n<meta property=\"article:modified_time\" content=\"2025-07-06T17:14:16+00:00\" \/>\n<meta property=\"og:image\" content=\"https:\/\/xn--klmmis-cua.se\/wp-content\/uploads\/2019\/10\/barn-med-kla\u0308mmis-1.jpg\" \/>\n\t<meta property=\"og:image:width\" content=\"800\" \/>\n\t<meta property=\"og:image:height\" content=\"800\" \/>\n\t<meta property=\"og:image:type\" content=\"image\/jpeg\" \/>\n<meta name=\"author\" content=\"Svensson Andr\u00e9\" \/>\n<meta name=\"twitter:card\" content=\"summary_large_image\" \/>\n<meta name=\"twitter:label1\" content=\"Skrevet af\" \/>\n\t<meta name=\"twitter:data1\" content=\"Svensson Andr\u00e9\" \/>\n\t<meta name=\"twitter:label2\" content=\"Estimeret l\u00e6setid\" \/>\n\t<meta name=\"twitter:data2\" content=\"2 minutter\" \/>\n<script type=\"application\/ld+json\" class=\"yoast-schema-graph\">{\"@context\":\"https:\\\/\\\/schema.org\",\"@graph\":[{\"@type\":\"Article\",\"@id\":\"https:\\\/\\\/xn--klmmis-cua.se\\\/da\\\/blog\\\/klemmer-og-boerns-udvikling\\\/#article\",\"isPartOf\":{\"@id\":\"https:\\\/\\\/xn--klmmis-cua.se\\\/da\\\/blog\\\/klemmer-og-boerns-udvikling\\\/\"},\"author\":{\"name\":\"Svensson Andr\u00e9\",\"@id\":\"https:\\\/\\\/xn--klmmis-cua.se\\\/da\\\/#\\\/schema\\\/person\\\/8092e594d0f039659e33a1a73ecea786\"},\"headline\":\"Klemmere og b\u00f8rns udvikling\",\"datePublished\":\"2019-11-18T21:16:37+00:00\",\"dateModified\":\"2025-07-06T17:14:16+00:00\",\"mainEntityOfPage\":{\"@id\":\"https:\\\/\\\/xn--klmmis-cua.se\\\/da\\\/blog\\\/klemmer-og-boerns-udvikling\\\/\"},\"wordCount\":393,\"commentCount\":0,\"publisher\":{\"@id\":\"https:\\\/\\\/xn--klmmis-cua.se\\\/da\\\/#organization\"},\"image\":{\"@id\":\"https:\\\/\\\/xn--klmmis-cua.se\\\/da\\\/blog\\\/klemmer-og-boerns-udvikling\\\/#primaryimage\"},\"thumbnailUrl\":\"https:\\\/\\\/xn--klmmis-cua.se\\\/wp-content\\\/uploads\\\/2019\\\/10\\\/barn-med-kla\u0308mmis-1.jpg\",\"articleSection\":[\"Blog\"],\"inLanguage\":\"da-DK\",\"potentialAction\":[{\"@type\":\"CommentAction\",\"name\":\"Comment\",\"target\":[\"https:\\\/\\\/xn--klmmis-cua.se\\\/da\\\/blog\\\/klemmer-og-boerns-udvikling\\\/#respond\"]}]},{\"@type\":\"WebPage\",\"@id\":\"https:\\\/\\\/xn--klmmis-cua.se\\\/da\\\/blog\\\/klemmer-og-boerns-udvikling\\\/\",\"url\":\"https:\\\/\\\/xn--klmmis-cua.se\\\/da\\\/blog\\\/klemmer-og-boerns-udvikling\\\/\",\"name\":\"Klemmere og b\u00f8rns udvikling - Allt om kl\u00e4mmisar!\",\"isPartOf\":{\"@id\":\"https:\\\/\\\/xn--klmmis-cua.se\\\/da\\\/#website\"},\"primaryImageOfPage\":{\"@id\":\"https:\\\/\\\/xn--klmmis-cua.se\\\/da\\\/blog\\\/klemmer-og-boerns-udvikling\\\/#primaryimage\"},\"image\":{\"@id\":\"https:\\\/\\\/xn--klmmis-cua.se\\\/da\\\/blog\\\/klemmer-og-boerns-udvikling\\\/#primaryimage\"},\"thumbnailUrl\":\"https:\\\/\\\/xn--klmmis-cua.se\\\/wp-content\\\/uploads\\\/2019\\\/10\\\/barn-med-kla\u0308mmis-1.jpg\",\"datePublished\":\"2019-11-18T21:16:37+00:00\",\"dateModified\":\"2025-07-06T17:14:16+00:00\",\"description\":\"Vi f\u00e5r ofte sp\u00f8rgsm\u00e5l om, hvordan klemmere kan p\u00e5virke b\u00f8rns udvikling. I dette indl\u00e6g gennemg\u00e5r vi, hvad den nyeste forskning siger om, hvorvidt de har en indvirkning.\",\"breadcrumb\":{\"@id\":\"https:\\\/\\\/xn--klmmis-cua.se\\\/da\\\/blog\\\/klemmer-og-boerns-udvikling\\\/#breadcrumb\"},\"inLanguage\":\"da-DK\",\"potentialAction\":[{\"@type\":\"ReadAction\",\"target\":[\"https:\\\/\\\/xn--klmmis-cua.se\\\/da\\\/blog\\\/klemmer-og-boerns-udvikling\\\/\"]}]},{\"@type\":\"ImageObject\",\"inLanguage\":\"da-DK\",\"@id\":\"https:\\\/\\\/xn--klmmis-cua.se\\\/da\\\/blog\\\/klemmer-og-boerns-udvikling\\\/#primaryimage\",\"url\":\"https:\\\/\\\/xn--klmmis-cua.se\\\/wp-content\\\/uploads\\\/2019\\\/10\\\/barn-med-kla\u0308mmis-1.jpg\",\"contentUrl\":\"https:\\\/\\\/xn--klmmis-cua.se\\\/wp-content\\\/uploads\\\/2019\\\/10\\\/barn-med-kla\u0308mmis-1.jpg\",\"width\":800,\"height\":800},{\"@type\":\"BreadcrumbList\",\"@id\":\"https:\\\/\\\/xn--klmmis-cua.se\\\/da\\\/blog\\\/klemmer-og-boerns-udvikling\\\/#breadcrumb\",\"itemListElement\":[{\"@type\":\"ListItem\",\"position\":1,\"name\":\"Hjem\",\"item\":\"https:\\\/\\\/xn--klmmis-cua.se\\\/da\\\/\"},{\"@type\":\"ListItem\",\"position\":2,\"name\":\"Klemmere og b\u00f8rns udvikling\"}]},{\"@type\":\"WebSite\",\"@id\":\"https:\\\/\\\/xn--klmmis-cua.se\\\/da\\\/#website\",\"url\":\"https:\\\/\\\/xn--klmmis-cua.se\\\/da\\\/\",\"name\":\"Allt om kl\u00e4mmisar!\",\"description\":\"Recept och inspiration till kl\u00e4mmisar\",\"publisher\":{\"@id\":\"https:\\\/\\\/xn--klmmis-cua.se\\\/da\\\/#organization\"},\"potentialAction\":[{\"@type\":\"SearchAction\",\"target\":{\"@type\":\"EntryPoint\",\"urlTemplate\":\"https:\\\/\\\/xn--klmmis-cua.se\\\/da\\\/?s={search_term_string}\"},\"query-input\":{\"@type\":\"PropertyValueSpecification\",\"valueRequired\":true,\"valueName\":\"search_term_string\"}}],\"inLanguage\":\"da-DK\"},{\"@type\":\"Organization\",\"@id\":\"https:\\\/\\\/xn--klmmis-cua.se\\\/da\\\/#organization\",\"name\":\"Kl\u00e4mmis.se\",\"url\":\"https:\\\/\\\/xn--klmmis-cua.se\\\/da\\\/\",\"logo\":{\"@type\":\"ImageObject\",\"inLanguage\":\"da-DK\",\"@id\":\"https:\\\/\\\/xn--klmmis-cua.se\\\/da\\\/#\\\/schema\\\/logo\\\/image\\\/\",\"url\":\"https:\\\/\\\/xn--klmmis-cua.se\\\/wp-content\\\/uploads\\\/2019\\\/11\\\/klammis-se-logo.jpg\",\"contentUrl\":\"https:\\\/\\\/xn--klmmis-cua.se\\\/wp-content\\\/uploads\\\/2019\\\/11\\\/klammis-se-logo.jpg\",\"width\":573,\"height\":565,\"caption\":\"Kl\u00e4mmis.se\"},\"image\":{\"@id\":\"https:\\\/\\\/xn--klmmis-cua.se\\\/da\\\/#\\\/schema\\\/logo\\\/image\\\/\"},\"sameAs\":[\"https:\\\/\\\/www.instagram.com\\\/klammis.se\\\/\"]},{\"@type\":\"Person\",\"@id\":\"https:\\\/\\\/xn--klmmis-cua.se\\\/da\\\/#\\\/schema\\\/person\\\/8092e594d0f039659e33a1a73ecea786\",\"name\":\"Svensson Andr\u00e9\",\"image\":{\"@type\":\"ImageObject\",\"inLanguage\":\"da-DK\",\"@id\":\"https:\\\/\\\/secure.gravatar.com\\\/avatar\\\/21cde482852c04574890914b0223036138002a4bf06367c6c1212762ec235125?s=96&r=g\",\"url\":\"https:\\\/\\\/secure.gravatar.com\\\/avatar\\\/21cde482852c04574890914b0223036138002a4bf06367c6c1212762ec235125?s=96&r=g\",\"contentUrl\":\"https:\\\/\\\/secure.gravatar.com\\\/avatar\\\/21cde482852c04574890914b0223036138002a4bf06367c6c1212762ec235125?s=96&r=g\",\"caption\":\"Svensson Andr\u00e9\"},\"sameAs\":[\"http:\\\/\\\/kl\u00e4mmis.se\",\"https:\\\/\\\/www.facebook.com\\\/Klmmisse-107565340664378\\\/\",\"https:\\\/\\\/www.instagram.com\\\/klammis.se\\\/\"]}]}<\/script>\n<!-- \/ Yoast SEO plugin. -->","yoast_head_json":{"title":"Klemmere og b\u00f8rns udvikling - Allt om kl\u00e4mmisar!","description":"Vi f\u00e5r ofte sp\u00f8rgsm\u00e5l om, hvordan klemmere kan p\u00e5virke b\u00f8rns udvikling. I dette indl\u00e6g gennemg\u00e5r vi, hvad den nyeste forskning siger om, hvorvidt de har en indvirkning.","robots":{"index":"index","follow":"follow","max-snippet":"max-snippet:-1","max-image-preview":"max-image-preview:large","max-video-preview":"max-video-preview:-1"},"canonical":"https:\/\/xn--klmmis-cua.se\/da\/blog\/klemmer-og-boerns-udvikling\/","og_locale":"da_DK","og_type":"article","og_title":"Klemmere og b\u00f8rns udvikling - Allt om kl\u00e4mmisar!","og_description":"Vi f\u00e5r ofte sp\u00f8rgsm\u00e5l om, hvordan klemmere kan p\u00e5virke b\u00f8rns udvikling. I dette indl\u00e6g gennemg\u00e5r vi, hvad den nyeste forskning siger om, hvorvidt de har en indvirkning.","og_url":"https:\/\/xn--klmmis-cua.se\/da\/blog\/klemmer-og-boerns-udvikling\/","og_site_name":"Allt om kl\u00e4mmisar!","article_author":"https:\/\/www.facebook.com\/Klmmisse-107565340664378\/","article_published_time":"2019-11-18T21:16:37+00:00","article_modified_time":"2025-07-06T17:14:16+00:00","og_image":[{"width":800,"height":800,"url":"https:\/\/xn--klmmis-cua.se\/wp-content\/uploads\/2019\/10\/barn-med-kla\u0308mmis-1.jpg","type":"image\/jpeg"}],"author":"Svensson Andr\u00e9","twitter_card":"summary_large_image","twitter_misc":{"Skrevet af":"Svensson Andr\u00e9","Estimeret l\u00e6setid":"2 minutter"},"schema":{"@context":"https:\/\/schema.org","@graph":[{"@type":"Article","@id":"https:\/\/xn--klmmis-cua.se\/da\/blog\/klemmer-og-boerns-udvikling\/#article","isPartOf":{"@id":"https:\/\/xn--klmmis-cua.se\/da\/blog\/klemmer-og-boerns-udvikling\/"},"author":{"name":"Svensson Andr\u00e9","@id":"https:\/\/xn--klmmis-cua.se\/da\/#\/schema\/person\/8092e594d0f039659e33a1a73ecea786"},"headline":"Klemmere og b\u00f8rns udvikling","datePublished":"2019-11-18T21:16:37+00:00","dateModified":"2025-07-06T17:14:16+00:00","mainEntityOfPage":{"@id":"https:\/\/xn--klmmis-cua.se\/da\/blog\/klemmer-og-boerns-udvikling\/"},"wordCount":393,"commentCount":0,"publisher":{"@id":"https:\/\/xn--klmmis-cua.se\/da\/#organization"},"image":{"@id":"https:\/\/xn--klmmis-cua.se\/da\/blog\/klemmer-og-boerns-udvikling\/#primaryimage"},"thumbnailUrl":"https:\/\/xn--klmmis-cua.se\/wp-content\/uploads\/2019\/10\/barn-med-kla\u0308mmis-1.jpg","articleSection":["Blog"],"inLanguage":"da-DK","potentialAction":[{"@type":"CommentAction","name":"Comment","target":["https:\/\/xn--klmmis-cua.se\/da\/blog\/klemmer-og-boerns-udvikling\/#respond"]}]},{"@type":"WebPage","@id":"https:\/\/xn--klmmis-cua.se\/da\/blog\/klemmer-og-boerns-udvikling\/","url":"https:\/\/xn--klmmis-cua.se\/da\/blog\/klemmer-og-boerns-udvikling\/","name":"Klemmere og b\u00f8rns udvikling - Allt om kl\u00e4mmisar!","isPartOf":{"@id":"https:\/\/xn--klmmis-cua.se\/da\/#website"},"primaryImageOfPage":{"@id":"https:\/\/xn--klmmis-cua.se\/da\/blog\/klemmer-og-boerns-udvikling\/#primaryimage"},"image":{"@id":"https:\/\/xn--klmmis-cua.se\/da\/blog\/klemmer-og-boerns-udvikling\/#primaryimage"},"thumbnailUrl":"https:\/\/xn--klmmis-cua.se\/wp-content\/uploads\/2019\/10\/barn-med-kla\u0308mmis-1.jpg","datePublished":"2019-11-18T21:16:37+00:00","dateModified":"2025-07-06T17:14:16+00:00","description":"Vi f\u00e5r ofte sp\u00f8rgsm\u00e5l om, hvordan klemmere kan p\u00e5virke b\u00f8rns udvikling. I dette indl\u00e6g gennemg\u00e5r vi, hvad den nyeste forskning siger om, hvorvidt de har en indvirkning.","breadcrumb":{"@id":"https:\/\/xn--klmmis-cua.se\/da\/blog\/klemmer-og-boerns-udvikling\/#breadcrumb"},"inLanguage":"da-DK","potentialAction":[{"@type":"ReadAction","target":["https:\/\/xn--klmmis-cua.se\/da\/blog\/klemmer-og-boerns-udvikling\/"]}]},{"@type":"ImageObject","inLanguage":"da-DK","@id":"https:\/\/xn--klmmis-cua.se\/da\/blog\/klemmer-og-boerns-udvikling\/#primaryimage","url":"https:\/\/xn--klmmis-cua.se\/wp-content\/uploads\/2019\/10\/barn-med-kla\u0308mmis-1.jpg","contentUrl":"https:\/\/xn--klmmis-cua.se\/wp-content\/uploads\/2019\/10\/barn-med-kla\u0308mmis-1.jpg","width":800,"height":800},{"@type":"BreadcrumbList","@id":"https:\/\/xn--klmmis-cua.se\/da\/blog\/klemmer-og-boerns-udvikling\/#breadcrumb","itemListElement":[{"@type":"ListItem","position":1,"name":"Hjem","item":"https:\/\/xn--klmmis-cua.se\/da\/"},{"@type":"ListItem","position":2,"name":"Klemmere og b\u00f8rns udvikling"}]},{"@type":"WebSite","@id":"https:\/\/xn--klmmis-cua.se\/da\/#website","url":"https:\/\/xn--klmmis-cua.se\/da\/","name":"Allt om kl\u00e4mmisar!","description":"Recept och inspiration till kl\u00e4mmisar","publisher":{"@id":"https:\/\/xn--klmmis-cua.se\/da\/#organization"},"potentialAction":[{"@type":"SearchAction","target":{"@type":"EntryPoint","urlTemplate":"https:\/\/xn--klmmis-cua.se\/da\/?s={search_term_string}"},"query-input":{"@type":"PropertyValueSpecification","valueRequired":true,"valueName":"search_term_string"}}],"inLanguage":"da-DK"},{"@type":"Organization","@id":"https:\/\/xn--klmmis-cua.se\/da\/#organization","name":"Kl\u00e4mmis.se","url":"https:\/\/xn--klmmis-cua.se\/da\/","logo":{"@type":"ImageObject","inLanguage":"da-DK","@id":"https:\/\/xn--klmmis-cua.se\/da\/#\/schema\/logo\/image\/","url":"https:\/\/xn--klmmis-cua.se\/wp-content\/uploads\/2019\/11\/klammis-se-logo.jpg","contentUrl":"https:\/\/xn--klmmis-cua.se\/wp-content\/uploads\/2019\/11\/klammis-se-logo.jpg","width":573,"height":565,"caption":"Kl\u00e4mmis.se"},"image":{"@id":"https:\/\/xn--klmmis-cua.se\/da\/#\/schema\/logo\/image\/"},"sameAs":["https:\/\/www.instagram.com\/klammis.se\/"]},{"@type":"Person","@id":"https:\/\/xn--klmmis-cua.se\/da\/#\/schema\/person\/8092e594d0f039659e33a1a73ecea786","name":"Svensson Andr\u00e9","image":{"@type":"ImageObject","inLanguage":"da-DK","@id":"https:\/\/secure.gravatar.com\/avatar\/21cde482852c04574890914b0223036138002a4bf06367c6c1212762ec235125?s=96&r=g","url":"https:\/\/secure.gravatar.com\/avatar\/21cde482852c04574890914b0223036138002a4bf06367c6c1212762ec235125?s=96&r=g","contentUrl":"https:\/\/secure.gravatar.com\/avatar\/21cde482852c04574890914b0223036138002a4bf06367c6c1212762ec235125?s=96&r=g","caption":"Svensson Andr\u00e9"},"sameAs":["http:\/\/kl\u00e4mmis.se","https:\/\/www.facebook.com\/Klmmisse-107565340664378\/","https:\/\/www.instagram.com\/klammis.se\/"]}]}},"_links":{"self":[{"href":"https:\/\/xn--klmmis-cua.se\/da\/wp-json\/wp\/v2\/posts\/4733","targetHints":{"allow":["GET"]}}],"collection":[{"href":"https:\/\/xn--klmmis-cua.se\/da\/wp-json\/wp\/v2\/posts"}],"about":[{"href":"https:\/\/xn--klmmis-cua.se\/da\/wp-json\/wp\/v2\/types\/post"}],"author":[{"embeddable":true,"href":"https:\/\/xn--klmmis-cua.se\/da\/wp-json\/wp\/v2\/users\/1"}],"replies":[{"embeddable":true,"href":"https:\/\/xn--klmmis-cua.se\/da\/wp-json\/wp\/v2\/comments?post=4733"}],"version-history":[{"count":3,"href":"https:\/\/xn--klmmis-cua.se\/da\/wp-json\/wp\/v2\/posts\/4733\/revisions"}],"predecessor-version":[{"id":5491,"href":"https:\/\/xn--klmmis-cua.se\/da\/wp-json\/wp\/v2\/posts\/4733\/revisions\/5491"}],"wp:featuredmedia":[{"embeddable":true,"href":"https:\/\/xn--klmmis-cua.se\/da\/wp-json\/wp\/v2\/media\/4381"}],"wp:attachment":[{"href":"https:\/\/xn--klmmis-cua.se\/da\/wp-json\/wp\/v2\/media?parent=4733"}],"wp:term":[{"taxonomy":"category","embeddable":true,"href":"https:\/\/xn--klmmis-cua.se\/da\/wp-json\/wp\/v2\/categories?post=4733"},{"taxonomy":"post_tag","embeddable":true,"href":"https:\/\/xn--klmmis-cua.se\/da\/wp-json\/wp\/v2\/tags?post=4733"}],"curies":[{"name":"wp","href":"https:\/\/api.w.org\/{rel}","templated":true}]}}