{"id":5139,"date":"2020-12-03T20:46:19","date_gmt":"2020-12-03T20:46:19","guid":{"rendered":"https:\/\/xn--klmmis-cua.se\/uncategorized-da\/frugt-avocado-marmelade\/"},"modified":"2025-07-06T17:12:23","modified_gmt":"2025-07-06T17:12:23","slug":"frugt-avocado-marmelade","status":"publish","type":"post","link":"https:\/\/xn--klmmis-cua.se\/da\/blog\/opskrift\/frugtagtig-muslingefisk\/frugt-avocado-marmelade\/","title":{"rendered":"Frugt\/avokadomos"},"content":{"rendered":"\n<p>En l\u00e6kker, sund og meget m\u00e6ttende mos, som barnet kan holde sig p\u00e5 i lang tid p\u00e5 grund af det h\u00f8je fedtindhold fra avocadoen. Sammen med fersken, banan og mango f\u00e5r man en sk\u00f8n blanding af b\u00e5de s\u00f8dme og lidt syrlighed, som mange b\u00f8rn vil elske. <\/p>\n\n<hr class=\"wp-block-separator has-css-opacity\"\/>\n\n<p><\/p>\n\n<!--WPRM Recipe 902-->\n<div class=\"wprm-fallback-recipe\">\n\t<h2 class=\"wprm-fallback-recipe-name\">Frugt\/avokadomos<\/h2>\n\t<img decoding=\"async\" class=\"wprm-fallback-recipe-image\" src=\"https:\/\/xn--klmmis-cua.se\/wp-content\/uploads\/2021\/06\/197868911_534587417541572_1205251160613463929_n-150x150.jpg\">\t<p class=\"wprm-fallback-recipe-summary\">\n\t\t\t<\/p>\n\t<div class=\"wprm-fallback-recipe-equipment\">\n\t\t<ul><li>stavblender eller blender<\/li><\/ul>\t<\/div>\n\t<div class=\"wprm-fallback-recipe-ingredients\">\n\t\t<ul><li>2 stk Avocado (frisk eller tilsvarende m\u00e6ngde frossen)<\/li><li>1 stk Banan<\/li><li>1 stk Stor mango<\/li><li>1 stk Fersken<\/li><li>2 dr\u00e5ber Citronsaft (For at \u00f8ge holdbarheden)<\/li><\/ul>\t<\/div>\n\t<div class=\"wprm-fallback-recipe-instructions\">\n\t\t<ol><li><p>Start med at skr\u00e6lle og sk\u00e6re al frugt i tern og l\u00e6g det i en sk\u00e5l.<\/p><\/li><li><p>Fjern stenen og skrab avocadoen ud og tils\u00e6t den til frugten. <\/p><\/li><li><p>Mos det hele sammen og blend til en glat masse. <\/p><\/li><li><p>Tils\u00e6t citronsaften og blend, s\u00e5 den bliver godt blandet.<\/p><\/li><li><p>Fordel i mosposer, og de er klar til servering!<\/p><\/li><\/ol>\t<\/div>\n\t<div class=\"wprm-fallback-recipe-notes\">\n\t\t\t<\/div>\n\t<div class=\"wprm-fallback-recipe-meta\">\n\t\t<div class=\"wprm-fallback-recipe-meta-course\">snack<\/div><div class=\"wprm-fallback-recipe-meta-cuisine\">Amerikansk<\/div><div class=\"wprm-fallback-recipe-meta-keyword\">genanvendelig mos, avocado, frugt, mos, moser<\/div>\t<\/div>\n<\/div>\n<!--End WPRM Recipe-->\n\n<hr class=\"wp-block-separator has-css-opacity\"\/>\n\n<p><strong>Har du brug for genanvendelige poser til denne opskrift? <br\/><\/strong>Moser, der passer godt til denne opskrift, kan k\u00f8bes hos <a href=\"https:\/\/mylittlemeal.se\/\">My Little Meal<\/a>. Lige nu kan I bruge rabatkoden \u00bbmylittlemeal20\u00ab for 20% rabat p\u00e5 alle moser. Almindelige mosposer og silikonemoser findes i deres sortiment og passer til b\u00f8rn i alle aldre.  <\/p>\n\n<figure class=\"wp-block-image size-large\"><a href=\"https:\/\/xn--klmmis-cua.se\/klammispasar\/\"><img fetchpriority=\"high\" decoding=\"async\" width=\"1024\" height=\"1024\" src=\"https:\/\/xn--klmmis-cua.se\/wp-content\/uploads\/2021\/06\/196509981_853834355542331_382010191132520191_n-1-1024x1024.jpg\" alt=\"Refillmosposer\" class=\"wp-image-681\" srcset=\"https:\/\/xn--klmmis-cua.se\/wp-content\/uploads\/2021\/06\/196509981_853834355542331_382010191132520191_n-1-1024x1024.jpg 1024w, https:\/\/xn--klmmis-cua.se\/wp-content\/uploads\/2021\/06\/196509981_853834355542331_382010191132520191_n-1-300x300.jpg 300w, https:\/\/xn--klmmis-cua.se\/wp-content\/uploads\/2021\/06\/196509981_853834355542331_382010191132520191_n-1-150x150.jpg 150w, https:\/\/xn--klmmis-cua.se\/wp-content\/uploads\/2021\/06\/196509981_853834355542331_382010191132520191_n-1-768x768.jpg 768w, https:\/\/xn--klmmis-cua.se\/wp-content\/uploads\/2021\/06\/196509981_853834355542331_382010191132520191_n-1-1536x1536.jpg 1536w, https:\/\/xn--klmmis-cua.se\/wp-content\/uploads\/2021\/06\/196509981_853834355542331_382010191132520191_n-1-2048x2048.jpg 2048w, https:\/\/xn--klmmis-cua.se\/wp-content\/uploads\/2021\/06\/196509981_853834355542331_382010191132520191_n-1-600x600.jpg 600w, https:\/\/xn--klmmis-cua.se\/wp-content\/uploads\/2021\/06\/196509981_853834355542331_382010191132520191_n-1-100x100.jpg 100w\" sizes=\"(max-width: 1024px) 100vw, 1024px\" \/><\/a><\/figure>\n\n<hr class=\"wp-block-separator has-css-opacity\"\/>\n\n<p><\/p>\n","protected":false},"excerpt":{"rendered":"<p>En l\u00e6kker, sund og meget m\u00e6ttende mos, som barnet kan holde sig p\u00e5 i lang tid p\u00e5 grund af det h\u00f8je fedtindhold fra avocadoen. Sammen med fersken, banan og mango f\u00e5r man en sk\u00f8n blanding af b\u00e5de s\u00f8dme og lidt syrlighed, som mange b\u00f8rn vil elske. Har du brug for genanvendelige poser til denne opskrift? [&hellip;]<\/p>\n","protected":false},"author":1,"featured_media":4486,"comment_status":"open","ping_status":"open","sticky":false,"template":"","format":"standard","meta":{"footnotes":""},"categories":[134,133,140,142,132,154,135],"tags":[],"class_list":["post-5139","post","type-post","status-publish","format-standard","has-post-thumbnail","hentry","category-frugtagtig-muslingefisk","category-glutenfri-klemmeis","category-klemmer-med-grontsager","category-klemmer-til-born-over-1-ar","category-laktosefri-klemmer","category-moderate-fastspaendingsanordninger","category-uden-maelkeprotein","entry","has-media","owp-thumbs-layout-horizontal","owp-btn-normal","owp-tabs-layout-horizontal","has-no-thumbnails","has-product-nav"],"yoast_head":"<!-- This site is optimized with the Yoast SEO plugin v27.5 - https:\/\/yoast.com\/product\/yoast-seo-wordpress\/ -->\n<title>Frugt\/avokadomos - Allt om kl\u00e4mmisar!<\/title>\n<meta name=\"description\" content=\"En l\u00e6kker, sund og meget m\u00e6ttende mos, som barnet kan holde sig p\u00e5 i lang tid. Avocado sammen med fersken, banan og mango giver en sk\u00f8n blanding, som mange b\u00f8rn vil elske.\" \/>\n<meta name=\"robots\" content=\"index, follow, max-snippet:-1, max-image-preview:large, max-video-preview:-1\" \/>\n<link rel=\"canonical\" href=\"https:\/\/xn--klmmis-cua.se\/da\/blog\/opskrift\/frugtagtig-muslingefisk\/frugt-avocado-marmelade\/\" \/>\n<meta property=\"og:locale\" content=\"da_DK\" \/>\n<meta property=\"og:type\" content=\"article\" \/>\n<meta property=\"og:title\" content=\"Frugt\/avokadomos - Allt om kl\u00e4mmisar!\" \/>\n<meta property=\"og:description\" content=\"En l\u00e6kker, sund og meget m\u00e6ttende mos, som barnet kan holde sig p\u00e5 i lang tid. Avocado sammen med fersken, banan og mango giver en sk\u00f8n blanding, som mange b\u00f8rn vil elske.\" \/>\n<meta property=\"og:url\" content=\"https:\/\/xn--klmmis-cua.se\/da\/blog\/opskrift\/frugtagtig-muslingefisk\/frugt-avocado-marmelade\/\" \/>\n<meta property=\"og:site_name\" content=\"Allt om kl\u00e4mmisar!\" \/>\n<meta property=\"article:author\" content=\"https:\/\/www.facebook.com\/Klmmisse-107565340664378\/\" \/>\n<meta property=\"article:published_time\" content=\"2020-12-03T20:46:19+00:00\" \/>\n<meta property=\"article:modified_time\" content=\"2025-07-06T17:12:23+00:00\" \/>\n<meta property=\"og:image\" content=\"https:\/\/xn--klmmis-cua.se\/wp-content\/uploads\/2020\/12\/charles-deluvio-0v_1TPz1uXw-unsplash-1.jpg\" \/>\n\t<meta property=\"og:image:width\" content=\"640\" \/>\n\t<meta property=\"og:image:height\" content=\"896\" \/>\n\t<meta property=\"og:image:type\" content=\"image\/jpeg\" \/>\n<meta name=\"author\" content=\"Svensson Andr\u00e9\" \/>\n<meta name=\"twitter:card\" content=\"summary_large_image\" \/>\n<meta name=\"twitter:label1\" content=\"Skrevet af\" \/>\n\t<meta name=\"twitter:data1\" content=\"Svensson Andr\u00e9\" \/>\n\t<meta name=\"twitter:label2\" content=\"Estimeret l\u00e6setid\" \/>\n\t<meta name=\"twitter:data2\" content=\"1 minut\" \/>\n<script type=\"application\/ld+json\" class=\"yoast-schema-graph\">{\"@context\":\"https:\\\/\\\/schema.org\",\"@graph\":[{\"@type\":\"Article\",\"@id\":\"https:\\\/\\\/xn--klmmis-cua.se\\\/da\\\/blog\\\/opskrift\\\/frugtagtig-muslingefisk\\\/frugt-avocado-marmelade\\\/#article\",\"isPartOf\":{\"@id\":\"https:\\\/\\\/xn--klmmis-cua.se\\\/da\\\/blog\\\/opskrift\\\/frugtagtig-muslingefisk\\\/frugt-avocado-marmelade\\\/\"},\"author\":{\"name\":\"Svensson Andr\u00e9\",\"@id\":\"https:\\\/\\\/xn--klmmis-cua.se\\\/da\\\/#\\\/schema\\\/person\\\/8092e594d0f039659e33a1a73ecea786\"},\"headline\":\"Frugt\\\/avokadomos\",\"datePublished\":\"2020-12-03T20:46:19+00:00\",\"dateModified\":\"2025-07-06T17:12:23+00:00\",\"mainEntityOfPage\":{\"@id\":\"https:\\\/\\\/xn--klmmis-cua.se\\\/da\\\/blog\\\/opskrift\\\/frugtagtig-muslingefisk\\\/frugt-avocado-marmelade\\\/\"},\"wordCount\":203,\"commentCount\":0,\"publisher\":{\"@id\":\"https:\\\/\\\/xn--klmmis-cua.se\\\/da\\\/#organization\"},\"image\":{\"@id\":\"https:\\\/\\\/xn--klmmis-cua.se\\\/da\\\/blog\\\/opskrift\\\/frugtagtig-muslingefisk\\\/frugt-avocado-marmelade\\\/#primaryimage\"},\"thumbnailUrl\":\"https:\\\/\\\/xn--klmmis-cua.se\\\/wp-content\\\/uploads\\\/2020\\\/12\\\/charles-deluvio-0v_1TPz1uXw-unsplash-1.jpg\",\"articleSection\":[\"Frugtagtig muslingefisk\",\"Glutenfri klemmeis\",\"Klemmer med gr\u00f8ntsager\",\"Klemmer til b\u00f8rn over 1 \u00e5r\",\"Laktosefri klemmer\",\"Moderate fastsp\u00e6ndingsanordninger\",\"Uden m\u00e6lkeprotein\"],\"inLanguage\":\"da-DK\",\"potentialAction\":[{\"@type\":\"CommentAction\",\"name\":\"Comment\",\"target\":[\"https:\\\/\\\/xn--klmmis-cua.se\\\/da\\\/blog\\\/opskrift\\\/frugtagtig-muslingefisk\\\/frugt-avocado-marmelade\\\/#respond\"]}]},{\"@type\":\"WebPage\",\"@id\":\"https:\\\/\\\/xn--klmmis-cua.se\\\/da\\\/blog\\\/opskrift\\\/frugtagtig-muslingefisk\\\/frugt-avocado-marmelade\\\/\",\"url\":\"https:\\\/\\\/xn--klmmis-cua.se\\\/da\\\/blog\\\/opskrift\\\/frugtagtig-muslingefisk\\\/frugt-avocado-marmelade\\\/\",\"name\":\"Frugt\\\/avokadomos - Allt om kl\u00e4mmisar!\",\"isPartOf\":{\"@id\":\"https:\\\/\\\/xn--klmmis-cua.se\\\/da\\\/#website\"},\"primaryImageOfPage\":{\"@id\":\"https:\\\/\\\/xn--klmmis-cua.se\\\/da\\\/blog\\\/opskrift\\\/frugtagtig-muslingefisk\\\/frugt-avocado-marmelade\\\/#primaryimage\"},\"image\":{\"@id\":\"https:\\\/\\\/xn--klmmis-cua.se\\\/da\\\/blog\\\/opskrift\\\/frugtagtig-muslingefisk\\\/frugt-avocado-marmelade\\\/#primaryimage\"},\"thumbnailUrl\":\"https:\\\/\\\/xn--klmmis-cua.se\\\/wp-content\\\/uploads\\\/2020\\\/12\\\/charles-deluvio-0v_1TPz1uXw-unsplash-1.jpg\",\"datePublished\":\"2020-12-03T20:46:19+00:00\",\"dateModified\":\"2025-07-06T17:12:23+00:00\",\"description\":\"En l\u00e6kker, sund og meget m\u00e6ttende mos, som barnet kan holde sig p\u00e5 i lang tid. Avocado sammen med fersken, banan og mango giver en sk\u00f8n blanding, som mange b\u00f8rn vil elske.\",\"breadcrumb\":{\"@id\":\"https:\\\/\\\/xn--klmmis-cua.se\\\/da\\\/blog\\\/opskrift\\\/frugtagtig-muslingefisk\\\/frugt-avocado-marmelade\\\/#breadcrumb\"},\"inLanguage\":\"da-DK\",\"potentialAction\":[{\"@type\":\"ReadAction\",\"target\":[\"https:\\\/\\\/xn--klmmis-cua.se\\\/da\\\/blog\\\/opskrift\\\/frugtagtig-muslingefisk\\\/frugt-avocado-marmelade\\\/\"]}]},{\"@type\":\"ImageObject\",\"inLanguage\":\"da-DK\",\"@id\":\"https:\\\/\\\/xn--klmmis-cua.se\\\/da\\\/blog\\\/opskrift\\\/frugtagtig-muslingefisk\\\/frugt-avocado-marmelade\\\/#primaryimage\",\"url\":\"https:\\\/\\\/xn--klmmis-cua.se\\\/wp-content\\\/uploads\\\/2020\\\/12\\\/charles-deluvio-0v_1TPz1uXw-unsplash-1.jpg\",\"contentUrl\":\"https:\\\/\\\/xn--klmmis-cua.se\\\/wp-content\\\/uploads\\\/2020\\\/12\\\/charles-deluvio-0v_1TPz1uXw-unsplash-1.jpg\",\"width\":640,\"height\":896},{\"@type\":\"BreadcrumbList\",\"@id\":\"https:\\\/\\\/xn--klmmis-cua.se\\\/da\\\/blog\\\/opskrift\\\/frugtagtig-muslingefisk\\\/frugt-avocado-marmelade\\\/#breadcrumb\",\"itemListElement\":[{\"@type\":\"ListItem\",\"position\":1,\"name\":\"Hjem\",\"item\":\"https:\\\/\\\/xn--klmmis-cua.se\\\/da\\\/\"},{\"@type\":\"ListItem\",\"position\":2,\"name\":\"Frugt\\\/avokadomos\"}]},{\"@type\":\"WebSite\",\"@id\":\"https:\\\/\\\/xn--klmmis-cua.se\\\/da\\\/#website\",\"url\":\"https:\\\/\\\/xn--klmmis-cua.se\\\/da\\\/\",\"name\":\"Allt om kl\u00e4mmisar!\",\"description\":\"Recept och inspiration till kl\u00e4mmisar\",\"publisher\":{\"@id\":\"https:\\\/\\\/xn--klmmis-cua.se\\\/da\\\/#organization\"},\"potentialAction\":[{\"@type\":\"SearchAction\",\"target\":{\"@type\":\"EntryPoint\",\"urlTemplate\":\"https:\\\/\\\/xn--klmmis-cua.se\\\/da\\\/?s={search_term_string}\"},\"query-input\":{\"@type\":\"PropertyValueSpecification\",\"valueRequired\":true,\"valueName\":\"search_term_string\"}}],\"inLanguage\":\"da-DK\"},{\"@type\":\"Organization\",\"@id\":\"https:\\\/\\\/xn--klmmis-cua.se\\\/da\\\/#organization\",\"name\":\"Kl\u00e4mmis.se\",\"url\":\"https:\\\/\\\/xn--klmmis-cua.se\\\/da\\\/\",\"logo\":{\"@type\":\"ImageObject\",\"inLanguage\":\"da-DK\",\"@id\":\"https:\\\/\\\/xn--klmmis-cua.se\\\/da\\\/#\\\/schema\\\/logo\\\/image\\\/\",\"url\":\"https:\\\/\\\/xn--klmmis-cua.se\\\/wp-content\\\/uploads\\\/2019\\\/11\\\/klammis-se-logo.jpg\",\"contentUrl\":\"https:\\\/\\\/xn--klmmis-cua.se\\\/wp-content\\\/uploads\\\/2019\\\/11\\\/klammis-se-logo.jpg\",\"width\":573,\"height\":565,\"caption\":\"Kl\u00e4mmis.se\"},\"image\":{\"@id\":\"https:\\\/\\\/xn--klmmis-cua.se\\\/da\\\/#\\\/schema\\\/logo\\\/image\\\/\"},\"sameAs\":[\"https:\\\/\\\/www.instagram.com\\\/klammis.se\\\/\"]},{\"@type\":\"Person\",\"@id\":\"https:\\\/\\\/xn--klmmis-cua.se\\\/da\\\/#\\\/schema\\\/person\\\/8092e594d0f039659e33a1a73ecea786\",\"name\":\"Svensson Andr\u00e9\",\"image\":{\"@type\":\"ImageObject\",\"inLanguage\":\"da-DK\",\"@id\":\"https:\\\/\\\/secure.gravatar.com\\\/avatar\\\/21cde482852c04574890914b0223036138002a4bf06367c6c1212762ec235125?s=96&r=g\",\"url\":\"https:\\\/\\\/secure.gravatar.com\\\/avatar\\\/21cde482852c04574890914b0223036138002a4bf06367c6c1212762ec235125?s=96&r=g\",\"contentUrl\":\"https:\\\/\\\/secure.gravatar.com\\\/avatar\\\/21cde482852c04574890914b0223036138002a4bf06367c6c1212762ec235125?s=96&r=g\",\"caption\":\"Svensson Andr\u00e9\"},\"sameAs\":[\"http:\\\/\\\/kl\u00e4mmis.se\",\"https:\\\/\\\/www.facebook.com\\\/Klmmisse-107565340664378\\\/\",\"https:\\\/\\\/www.instagram.com\\\/klammis.se\\\/\"]}]}<\/script>\n<!-- \/ Yoast SEO plugin. -->","yoast_head_json":{"title":"Frugt\/avokadomos - Allt om kl\u00e4mmisar!","description":"En l\u00e6kker, sund og meget m\u00e6ttende mos, som barnet kan holde sig p\u00e5 i lang tid. Avocado sammen med fersken, banan og mango giver en sk\u00f8n blanding, som mange b\u00f8rn vil elske.","robots":{"index":"index","follow":"follow","max-snippet":"max-snippet:-1","max-image-preview":"max-image-preview:large","max-video-preview":"max-video-preview:-1"},"canonical":"https:\/\/xn--klmmis-cua.se\/da\/blog\/opskrift\/frugtagtig-muslingefisk\/frugt-avocado-marmelade\/","og_locale":"da_DK","og_type":"article","og_title":"Frugt\/avokadomos - Allt om kl\u00e4mmisar!","og_description":"En l\u00e6kker, sund og meget m\u00e6ttende mos, som barnet kan holde sig p\u00e5 i lang tid. Avocado sammen med fersken, banan og mango giver en sk\u00f8n blanding, som mange b\u00f8rn vil elske.","og_url":"https:\/\/xn--klmmis-cua.se\/da\/blog\/opskrift\/frugtagtig-muslingefisk\/frugt-avocado-marmelade\/","og_site_name":"Allt om kl\u00e4mmisar!","article_author":"https:\/\/www.facebook.com\/Klmmisse-107565340664378\/","article_published_time":"2020-12-03T20:46:19+00:00","article_modified_time":"2025-07-06T17:12:23+00:00","og_image":[{"width":640,"height":896,"url":"https:\/\/xn--klmmis-cua.se\/wp-content\/uploads\/2020\/12\/charles-deluvio-0v_1TPz1uXw-unsplash-1.jpg","type":"image\/jpeg"}],"author":"Svensson Andr\u00e9","twitter_card":"summary_large_image","twitter_misc":{"Skrevet af":"Svensson Andr\u00e9","Estimeret l\u00e6setid":"1 minut"},"schema":{"@context":"https:\/\/schema.org","@graph":[{"@type":"Article","@id":"https:\/\/xn--klmmis-cua.se\/da\/blog\/opskrift\/frugtagtig-muslingefisk\/frugt-avocado-marmelade\/#article","isPartOf":{"@id":"https:\/\/xn--klmmis-cua.se\/da\/blog\/opskrift\/frugtagtig-muslingefisk\/frugt-avocado-marmelade\/"},"author":{"name":"Svensson Andr\u00e9","@id":"https:\/\/xn--klmmis-cua.se\/da\/#\/schema\/person\/8092e594d0f039659e33a1a73ecea786"},"headline":"Frugt\/avokadomos","datePublished":"2020-12-03T20:46:19+00:00","dateModified":"2025-07-06T17:12:23+00:00","mainEntityOfPage":{"@id":"https:\/\/xn--klmmis-cua.se\/da\/blog\/opskrift\/frugtagtig-muslingefisk\/frugt-avocado-marmelade\/"},"wordCount":203,"commentCount":0,"publisher":{"@id":"https:\/\/xn--klmmis-cua.se\/da\/#organization"},"image":{"@id":"https:\/\/xn--klmmis-cua.se\/da\/blog\/opskrift\/frugtagtig-muslingefisk\/frugt-avocado-marmelade\/#primaryimage"},"thumbnailUrl":"https:\/\/xn--klmmis-cua.se\/wp-content\/uploads\/2020\/12\/charles-deluvio-0v_1TPz1uXw-unsplash-1.jpg","articleSection":["Frugtagtig muslingefisk","Glutenfri klemmeis","Klemmer med gr\u00f8ntsager","Klemmer til b\u00f8rn over 1 \u00e5r","Laktosefri klemmer","Moderate fastsp\u00e6ndingsanordninger","Uden m\u00e6lkeprotein"],"inLanguage":"da-DK","potentialAction":[{"@type":"CommentAction","name":"Comment","target":["https:\/\/xn--klmmis-cua.se\/da\/blog\/opskrift\/frugtagtig-muslingefisk\/frugt-avocado-marmelade\/#respond"]}]},{"@type":"WebPage","@id":"https:\/\/xn--klmmis-cua.se\/da\/blog\/opskrift\/frugtagtig-muslingefisk\/frugt-avocado-marmelade\/","url":"https:\/\/xn--klmmis-cua.se\/da\/blog\/opskrift\/frugtagtig-muslingefisk\/frugt-avocado-marmelade\/","name":"Frugt\/avokadomos - Allt om kl\u00e4mmisar!","isPartOf":{"@id":"https:\/\/xn--klmmis-cua.se\/da\/#website"},"primaryImageOfPage":{"@id":"https:\/\/xn--klmmis-cua.se\/da\/blog\/opskrift\/frugtagtig-muslingefisk\/frugt-avocado-marmelade\/#primaryimage"},"image":{"@id":"https:\/\/xn--klmmis-cua.se\/da\/blog\/opskrift\/frugtagtig-muslingefisk\/frugt-avocado-marmelade\/#primaryimage"},"thumbnailUrl":"https:\/\/xn--klmmis-cua.se\/wp-content\/uploads\/2020\/12\/charles-deluvio-0v_1TPz1uXw-unsplash-1.jpg","datePublished":"2020-12-03T20:46:19+00:00","dateModified":"2025-07-06T17:12:23+00:00","description":"En l\u00e6kker, sund og meget m\u00e6ttende mos, som barnet kan holde sig p\u00e5 i lang tid. Avocado sammen med fersken, banan og mango giver en sk\u00f8n blanding, som mange b\u00f8rn vil elske.","breadcrumb":{"@id":"https:\/\/xn--klmmis-cua.se\/da\/blog\/opskrift\/frugtagtig-muslingefisk\/frugt-avocado-marmelade\/#breadcrumb"},"inLanguage":"da-DK","potentialAction":[{"@type":"ReadAction","target":["https:\/\/xn--klmmis-cua.se\/da\/blog\/opskrift\/frugtagtig-muslingefisk\/frugt-avocado-marmelade\/"]}]},{"@type":"ImageObject","inLanguage":"da-DK","@id":"https:\/\/xn--klmmis-cua.se\/da\/blog\/opskrift\/frugtagtig-muslingefisk\/frugt-avocado-marmelade\/#primaryimage","url":"https:\/\/xn--klmmis-cua.se\/wp-content\/uploads\/2020\/12\/charles-deluvio-0v_1TPz1uXw-unsplash-1.jpg","contentUrl":"https:\/\/xn--klmmis-cua.se\/wp-content\/uploads\/2020\/12\/charles-deluvio-0v_1TPz1uXw-unsplash-1.jpg","width":640,"height":896},{"@type":"BreadcrumbList","@id":"https:\/\/xn--klmmis-cua.se\/da\/blog\/opskrift\/frugtagtig-muslingefisk\/frugt-avocado-marmelade\/#breadcrumb","itemListElement":[{"@type":"ListItem","position":1,"name":"Hjem","item":"https:\/\/xn--klmmis-cua.se\/da\/"},{"@type":"ListItem","position":2,"name":"Frugt\/avokadomos"}]},{"@type":"WebSite","@id":"https:\/\/xn--klmmis-cua.se\/da\/#website","url":"https:\/\/xn--klmmis-cua.se\/da\/","name":"Allt om kl\u00e4mmisar!","description":"Recept och inspiration till kl\u00e4mmisar","publisher":{"@id":"https:\/\/xn--klmmis-cua.se\/da\/#organization"},"potentialAction":[{"@type":"SearchAction","target":{"@type":"EntryPoint","urlTemplate":"https:\/\/xn--klmmis-cua.se\/da\/?s={search_term_string}"},"query-input":{"@type":"PropertyValueSpecification","valueRequired":true,"valueName":"search_term_string"}}],"inLanguage":"da-DK"},{"@type":"Organization","@id":"https:\/\/xn--klmmis-cua.se\/da\/#organization","name":"Kl\u00e4mmis.se","url":"https:\/\/xn--klmmis-cua.se\/da\/","logo":{"@type":"ImageObject","inLanguage":"da-DK","@id":"https:\/\/xn--klmmis-cua.se\/da\/#\/schema\/logo\/image\/","url":"https:\/\/xn--klmmis-cua.se\/wp-content\/uploads\/2019\/11\/klammis-se-logo.jpg","contentUrl":"https:\/\/xn--klmmis-cua.se\/wp-content\/uploads\/2019\/11\/klammis-se-logo.jpg","width":573,"height":565,"caption":"Kl\u00e4mmis.se"},"image":{"@id":"https:\/\/xn--klmmis-cua.se\/da\/#\/schema\/logo\/image\/"},"sameAs":["https:\/\/www.instagram.com\/klammis.se\/"]},{"@type":"Person","@id":"https:\/\/xn--klmmis-cua.se\/da\/#\/schema\/person\/8092e594d0f039659e33a1a73ecea786","name":"Svensson Andr\u00e9","image":{"@type":"ImageObject","inLanguage":"da-DK","@id":"https:\/\/secure.gravatar.com\/avatar\/21cde482852c04574890914b0223036138002a4bf06367c6c1212762ec235125?s=96&r=g","url":"https:\/\/secure.gravatar.com\/avatar\/21cde482852c04574890914b0223036138002a4bf06367c6c1212762ec235125?s=96&r=g","contentUrl":"https:\/\/secure.gravatar.com\/avatar\/21cde482852c04574890914b0223036138002a4bf06367c6c1212762ec235125?s=96&r=g","caption":"Svensson Andr\u00e9"},"sameAs":["http:\/\/kl\u00e4mmis.se","https:\/\/www.facebook.com\/Klmmisse-107565340664378\/","https:\/\/www.instagram.com\/klammis.se\/"]}]}},"_links":{"self":[{"href":"https:\/\/xn--klmmis-cua.se\/da\/wp-json\/wp\/v2\/posts\/5139","targetHints":{"allow":["GET"]}}],"collection":[{"href":"https:\/\/xn--klmmis-cua.se\/da\/wp-json\/wp\/v2\/posts"}],"about":[{"href":"https:\/\/xn--klmmis-cua.se\/da\/wp-json\/wp\/v2\/types\/post"}],"author":[{"embeddable":true,"href":"https:\/\/xn--klmmis-cua.se\/da\/wp-json\/wp\/v2\/users\/1"}],"replies":[{"embeddable":true,"href":"https:\/\/xn--klmmis-cua.se\/da\/wp-json\/wp\/v2\/comments?post=5139"}],"version-history":[{"count":3,"href":"https:\/\/xn--klmmis-cua.se\/da\/wp-json\/wp\/v2\/posts\/5139\/revisions"}],"predecessor-version":[{"id":5382,"href":"https:\/\/xn--klmmis-cua.se\/da\/wp-json\/wp\/v2\/posts\/5139\/revisions\/5382"}],"wp:featuredmedia":[{"embeddable":true,"href":"https:\/\/xn--klmmis-cua.se\/da\/wp-json\/wp\/v2\/media\/4486"}],"wp:attachment":[{"href":"https:\/\/xn--klmmis-cua.se\/da\/wp-json\/wp\/v2\/media?parent=5139"}],"wp:term":[{"taxonomy":"category","embeddable":true,"href":"https:\/\/xn--klmmis-cua.se\/da\/wp-json\/wp\/v2\/categories?post=5139"},{"taxonomy":"post_tag","embeddable":true,"href":"https:\/\/xn--klmmis-cua.se\/da\/wp-json\/wp\/v2\/tags?post=5139"}],"curies":[{"name":"wp","href":"https:\/\/api.w.org\/{rel}","templated":true}]}}