{"id":4724,"date":"2019-11-18T21:16:37","date_gmt":"2019-11-18T21:16:37","guid":{"rendered":"https:\/\/xn--klmmis-cua.se\/uncategorized-no\/klemmer-og-barns-utvikling\/"},"modified":"2025-07-06T17:14:15","modified_gmt":"2025-07-06T17:14:15","slug":"klemmer-og-barns-utvikling","status":"publish","type":"post","link":"https:\/\/xn--klmmis-cua.se\/no\/blogg-no\/klemmer-og-barns-utvikling\/","title":{"rendered":"Klemmeposer og barns utvikling"},"content":{"rendered":"\n<p>Klemmeposer har blitt enormt popul\u00e6re og beskrives ofte som en gave fra oven til stressede foreldre. I USA utgj\u00f8r klemmeposer hele 25% av den totale mengden barnemat som selges.  <\/p>\n\n<p>If\u00f8lge en <a href=\"https:\/\/www.nytimes.com\/2018\/06\/19\/well\/rethinking-baby-food-pouches.html\">artikkel i NY-Times<\/a> har eksperter sett p\u00e5 hvordan klemmeposene p\u00e5virker barnas evne til \u00e5 h\u00e5ndtere og spise mat, og anbefaler \u00e5 bruke dem med m\u00e5te &#8211; uansett hvor praktiske de er.<\/p>\n\n<p>Siden disse praktiske mellomm\u00e5ltidene kan varieres i det uendelige med innhold fra gr\u00f8nnsakspur\u00e9 til vanlig mat som er tilpasset emballasjen, har klemmeposer for mange foreldre blitt en lettvint m\u00e5te \u00e5 kj\u00f8pe seg litt ekstra handlefrihet p\u00e5. Hvor praktisk er det ikke \u00e5 gi barnet en klemmepose n\u00e5r man er p\u00e5 farten og ikke har mulighet til \u00e5 finne fram en tallerken og skje? Basert p\u00e5 klemmeposenes enorme popularitet, litt for enkelt har det vist seg.  <\/p>\n\n<p>Ekspertenes r\u00e5d er derfor \u00e5 bruke klemmeposer med m\u00e5te.<\/p>\n\n<p>Hvorfor?<\/p>\n\n<p>Akkurat i den alderen (6 mnd &#8211; 3 \u00e5r) n\u00e5r foreldre ofte introduserer klemmeposer i barnets kosthold, sammenfaller det med det stadiet i barnets utvikling da evnen til \u00e5 spise og bruke munnen p\u00e5 riktig m\u00e5te ogs\u00e5 utvikles mest. Det er rett og slett for lite utfordring for barnet \u00e5 spise fra en klemmepose. <\/p>\n\n<p>Klemmeposer er suverene til \u00e5 dekke barnas behov for vitaminer og mineraler fra gr\u00f8nnsaker og frukt som barna ellers kan v\u00e6re motvillige til \u00e5 spise. Men i de f\u00f8rste leve\u00e5rene er l\u00e6rdommen som kommer av \u00e5 spise mat i sin opprinnelige form nesten like viktig og kan spille en betydelig rolle senere i livet. <\/p>\n\n<p>Fra omkring 6 m\u00e5neder begynner barnet \u00e5 utvikle sine tungebevegelser som gj\u00f8r det mulig \u00e5 innta mer kompleks mat utover morsmelk eller erstatning. \u00c5 spise fra en pose utvikler ikke denne atferden p\u00e5 en like god m\u00e5te som \u00e5 innta mat i \u00abnormal\u00bb form.  <\/p>\n\n<p>Men selvf\u00f8lgelig er det ingen grunn til \u00e5 bekymre seg for dette hvis ikke barnet utelukkende spiser klemmeposer. <strong><em>Kara Larson<\/em><\/strong> er tale- og spr\u00e5kekspert ved Boston Children&#8217;s Hospital og mener at barn ville m\u00e5tte suge p\u00e5 klemmeposer i lange perioder daglig for at det virkelig skal forstyrre utviklingen. <\/p>\n\n<p>S\u00e5 lenge man bruker klemmeposer med m\u00e5te, er det kun forbundet med nytte if\u00f8lge ekspertene.<\/p>\n\n<p><\/p>\n","protected":false},"excerpt":{"rendered":"<p>Klemmeposer har blitt enormt popul\u00e6re og beskrives ofte som en gave fra oven til stressede foreldre. I USA utgj\u00f8r klemmeposer hele 25% av den totale mengden barnemat som selges. If\u00f8lge en artikkel i NY-Times har eksperter sett p\u00e5 hvordan klemmeposene p\u00e5virker barnas evne til \u00e5 h\u00e5ndtere og spise mat, og anbefaler \u00e5 bruke dem med [&hellip;]<\/p>\n","protected":false},"author":1,"featured_media":4383,"comment_status":"open","ping_status":"open","sticky":false,"template":"","format":"standard","meta":{"footnotes":""},"categories":[145],"tags":[],"class_list":["post-4724","post","type-post","status-publish","format-standard","has-post-thumbnail","hentry","category-blogg-no","entry","has-media","owp-thumbs-layout-horizontal","owp-btn-normal","owp-tabs-layout-horizontal","has-no-thumbnails","has-product-nav"],"yoast_head":"<!-- This site is optimized with the Yoast SEO plugin v27.5 - https:\/\/yoast.com\/product\/yoast-seo-wordpress\/ -->\n<title>Klemmeposer og barns utvikling - Allt om kl\u00e4mmisar!<\/title>\n<meta name=\"description\" content=\"Vi f\u00e5r ofte sp\u00f8rsm\u00e5l om hvordan klemmeposer kan p\u00e5virke barns utvikling. I dette innlegget g\u00e5r vi gjennom hva den nyeste forskningen sier om hvorvidt de har en innvirkning.\" \/>\n<meta name=\"robots\" content=\"index, follow, max-snippet:-1, max-image-preview:large, max-video-preview:-1\" \/>\n<link rel=\"canonical\" href=\"https:\/\/xn--klmmis-cua.se\/no\/blogg-no\/klemmer-og-barns-utvikling\/\" \/>\n<meta property=\"og:locale\" content=\"nb_NO\" \/>\n<meta property=\"og:type\" content=\"article\" \/>\n<meta property=\"og:title\" content=\"Klemmeposer og barns utvikling - Allt om kl\u00e4mmisar!\" \/>\n<meta property=\"og:description\" content=\"Vi f\u00e5r ofte sp\u00f8rsm\u00e5l om hvordan klemmeposer kan p\u00e5virke barns utvikling. I dette innlegget g\u00e5r vi gjennom hva den nyeste forskningen sier om hvorvidt de har en innvirkning.\" \/>\n<meta property=\"og:url\" content=\"https:\/\/xn--klmmis-cua.se\/no\/blogg-no\/klemmer-og-barns-utvikling\/\" \/>\n<meta property=\"og:site_name\" content=\"Allt om kl\u00e4mmisar!\" \/>\n<meta property=\"article:author\" content=\"https:\/\/www.facebook.com\/Klmmisse-107565340664378\/\" \/>\n<meta property=\"article:published_time\" content=\"2019-11-18T21:16:37+00:00\" \/>\n<meta property=\"article:modified_time\" content=\"2025-07-06T17:14:15+00:00\" \/>\n<meta property=\"og:image\" content=\"https:\/\/xn--klmmis-cua.se\/wp-content\/uploads\/2019\/10\/barn-med-kla\u0308mmis-1.jpg\" \/>\n\t<meta property=\"og:image:width\" content=\"800\" \/>\n\t<meta property=\"og:image:height\" content=\"800\" \/>\n\t<meta property=\"og:image:type\" content=\"image\/jpeg\" \/>\n<meta name=\"author\" content=\"Svensson Andr\u00e9\" \/>\n<meta name=\"twitter:card\" content=\"summary_large_image\" \/>\n<meta name=\"twitter:label1\" content=\"Skrevet av\" \/>\n\t<meta name=\"twitter:data1\" content=\"Svensson Andr\u00e9\" \/>\n\t<meta name=\"twitter:label2\" content=\"Ansl. lesetid\" \/>\n\t<meta name=\"twitter:data2\" content=\"2 minutter\" \/>\n<script type=\"application\/ld+json\" class=\"yoast-schema-graph\">{\"@context\":\"https:\\\/\\\/schema.org\",\"@graph\":[{\"@type\":\"Article\",\"@id\":\"https:\\\/\\\/xn--klmmis-cua.se\\\/no\\\/blogg-no\\\/klemmer-og-barns-utvikling\\\/#article\",\"isPartOf\":{\"@id\":\"https:\\\/\\\/xn--klmmis-cua.se\\\/no\\\/blogg-no\\\/klemmer-og-barns-utvikling\\\/\"},\"author\":{\"name\":\"Svensson Andr\u00e9\",\"@id\":\"https:\\\/\\\/xn--klmmis-cua.se\\\/no\\\/#\\\/schema\\\/person\\\/8092e594d0f039659e33a1a73ecea786\"},\"headline\":\"Klemmeposer og barns utvikling\",\"datePublished\":\"2019-11-18T21:16:37+00:00\",\"dateModified\":\"2025-07-06T17:14:15+00:00\",\"mainEntityOfPage\":{\"@id\":\"https:\\\/\\\/xn--klmmis-cua.se\\\/no\\\/blogg-no\\\/klemmer-og-barns-utvikling\\\/\"},\"wordCount\":375,\"commentCount\":0,\"publisher\":{\"@id\":\"https:\\\/\\\/xn--klmmis-cua.se\\\/no\\\/#organization\"},\"image\":{\"@id\":\"https:\\\/\\\/xn--klmmis-cua.se\\\/no\\\/blogg-no\\\/klemmer-og-barns-utvikling\\\/#primaryimage\"},\"thumbnailUrl\":\"https:\\\/\\\/xn--klmmis-cua.se\\\/wp-content\\\/uploads\\\/2019\\\/10\\\/barn-med-kla\u0308mmis-1.jpg\",\"articleSection\":[\"Blogg\"],\"inLanguage\":\"nb-NO\",\"potentialAction\":[{\"@type\":\"CommentAction\",\"name\":\"Comment\",\"target\":[\"https:\\\/\\\/xn--klmmis-cua.se\\\/no\\\/blogg-no\\\/klemmer-og-barns-utvikling\\\/#respond\"]}]},{\"@type\":\"WebPage\",\"@id\":\"https:\\\/\\\/xn--klmmis-cua.se\\\/no\\\/blogg-no\\\/klemmer-og-barns-utvikling\\\/\",\"url\":\"https:\\\/\\\/xn--klmmis-cua.se\\\/no\\\/blogg-no\\\/klemmer-og-barns-utvikling\\\/\",\"name\":\"Klemmeposer og barns utvikling - Allt om kl\u00e4mmisar!\",\"isPartOf\":{\"@id\":\"https:\\\/\\\/xn--klmmis-cua.se\\\/no\\\/#website\"},\"primaryImageOfPage\":{\"@id\":\"https:\\\/\\\/xn--klmmis-cua.se\\\/no\\\/blogg-no\\\/klemmer-og-barns-utvikling\\\/#primaryimage\"},\"image\":{\"@id\":\"https:\\\/\\\/xn--klmmis-cua.se\\\/no\\\/blogg-no\\\/klemmer-og-barns-utvikling\\\/#primaryimage\"},\"thumbnailUrl\":\"https:\\\/\\\/xn--klmmis-cua.se\\\/wp-content\\\/uploads\\\/2019\\\/10\\\/barn-med-kla\u0308mmis-1.jpg\",\"datePublished\":\"2019-11-18T21:16:37+00:00\",\"dateModified\":\"2025-07-06T17:14:15+00:00\",\"description\":\"Vi f\u00e5r ofte sp\u00f8rsm\u00e5l om hvordan klemmeposer kan p\u00e5virke barns utvikling. I dette innlegget g\u00e5r vi gjennom hva den nyeste forskningen sier om hvorvidt de har en innvirkning.\",\"breadcrumb\":{\"@id\":\"https:\\\/\\\/xn--klmmis-cua.se\\\/no\\\/blogg-no\\\/klemmer-og-barns-utvikling\\\/#breadcrumb\"},\"inLanguage\":\"nb-NO\",\"potentialAction\":[{\"@type\":\"ReadAction\",\"target\":[\"https:\\\/\\\/xn--klmmis-cua.se\\\/no\\\/blogg-no\\\/klemmer-og-barns-utvikling\\\/\"]}]},{\"@type\":\"ImageObject\",\"inLanguage\":\"nb-NO\",\"@id\":\"https:\\\/\\\/xn--klmmis-cua.se\\\/no\\\/blogg-no\\\/klemmer-og-barns-utvikling\\\/#primaryimage\",\"url\":\"https:\\\/\\\/xn--klmmis-cua.se\\\/wp-content\\\/uploads\\\/2019\\\/10\\\/barn-med-kla\u0308mmis-1.jpg\",\"contentUrl\":\"https:\\\/\\\/xn--klmmis-cua.se\\\/wp-content\\\/uploads\\\/2019\\\/10\\\/barn-med-kla\u0308mmis-1.jpg\",\"width\":800,\"height\":800},{\"@type\":\"BreadcrumbList\",\"@id\":\"https:\\\/\\\/xn--klmmis-cua.se\\\/no\\\/blogg-no\\\/klemmer-og-barns-utvikling\\\/#breadcrumb\",\"itemListElement\":[{\"@type\":\"ListItem\",\"position\":1,\"name\":\"Hjem\",\"item\":\"https:\\\/\\\/xn--klmmis-cua.se\\\/no\\\/hjem\\\/\"},{\"@type\":\"ListItem\",\"position\":2,\"name\":\"Klemmeposer og barns utvikling\"}]},{\"@type\":\"WebSite\",\"@id\":\"https:\\\/\\\/xn--klmmis-cua.se\\\/no\\\/#website\",\"url\":\"https:\\\/\\\/xn--klmmis-cua.se\\\/no\\\/\",\"name\":\"Allt om kl\u00e4mmisar!\",\"description\":\"Recept och inspiration till kl\u00e4mmisar\",\"publisher\":{\"@id\":\"https:\\\/\\\/xn--klmmis-cua.se\\\/no\\\/#organization\"},\"potentialAction\":[{\"@type\":\"SearchAction\",\"target\":{\"@type\":\"EntryPoint\",\"urlTemplate\":\"https:\\\/\\\/xn--klmmis-cua.se\\\/no\\\/?s={search_term_string}\"},\"query-input\":{\"@type\":\"PropertyValueSpecification\",\"valueRequired\":true,\"valueName\":\"search_term_string\"}}],\"inLanguage\":\"nb-NO\"},{\"@type\":\"Organization\",\"@id\":\"https:\\\/\\\/xn--klmmis-cua.se\\\/no\\\/#organization\",\"name\":\"Kl\u00e4mmis.se\",\"url\":\"https:\\\/\\\/xn--klmmis-cua.se\\\/no\\\/\",\"logo\":{\"@type\":\"ImageObject\",\"inLanguage\":\"nb-NO\",\"@id\":\"https:\\\/\\\/xn--klmmis-cua.se\\\/no\\\/#\\\/schema\\\/logo\\\/image\\\/\",\"url\":\"https:\\\/\\\/xn--klmmis-cua.se\\\/wp-content\\\/uploads\\\/2019\\\/11\\\/klammis-se-logo.jpg\",\"contentUrl\":\"https:\\\/\\\/xn--klmmis-cua.se\\\/wp-content\\\/uploads\\\/2019\\\/11\\\/klammis-se-logo.jpg\",\"width\":573,\"height\":565,\"caption\":\"Kl\u00e4mmis.se\"},\"image\":{\"@id\":\"https:\\\/\\\/xn--klmmis-cua.se\\\/no\\\/#\\\/schema\\\/logo\\\/image\\\/\"},\"sameAs\":[\"https:\\\/\\\/www.instagram.com\\\/klammis.se\\\/\"]},{\"@type\":\"Person\",\"@id\":\"https:\\\/\\\/xn--klmmis-cua.se\\\/no\\\/#\\\/schema\\\/person\\\/8092e594d0f039659e33a1a73ecea786\",\"name\":\"Svensson Andr\u00e9\",\"image\":{\"@type\":\"ImageObject\",\"inLanguage\":\"nb-NO\",\"@id\":\"https:\\\/\\\/secure.gravatar.com\\\/avatar\\\/21cde482852c04574890914b0223036138002a4bf06367c6c1212762ec235125?s=96&r=g\",\"url\":\"https:\\\/\\\/secure.gravatar.com\\\/avatar\\\/21cde482852c04574890914b0223036138002a4bf06367c6c1212762ec235125?s=96&r=g\",\"contentUrl\":\"https:\\\/\\\/secure.gravatar.com\\\/avatar\\\/21cde482852c04574890914b0223036138002a4bf06367c6c1212762ec235125?s=96&r=g\",\"caption\":\"Svensson Andr\u00e9\"},\"sameAs\":[\"http:\\\/\\\/kl\u00e4mmis.se\",\"https:\\\/\\\/www.facebook.com\\\/Klmmisse-107565340664378\\\/\",\"https:\\\/\\\/www.instagram.com\\\/klammis.se\\\/\"]}]}<\/script>\n<!-- \/ Yoast SEO plugin. -->","yoast_head_json":{"title":"Klemmeposer og barns utvikling - Allt om kl\u00e4mmisar!","description":"Vi f\u00e5r ofte sp\u00f8rsm\u00e5l om hvordan klemmeposer kan p\u00e5virke barns utvikling. I dette innlegget g\u00e5r vi gjennom hva den nyeste forskningen sier om hvorvidt de har en innvirkning.","robots":{"index":"index","follow":"follow","max-snippet":"max-snippet:-1","max-image-preview":"max-image-preview:large","max-video-preview":"max-video-preview:-1"},"canonical":"https:\/\/xn--klmmis-cua.se\/no\/blogg-no\/klemmer-og-barns-utvikling\/","og_locale":"nb_NO","og_type":"article","og_title":"Klemmeposer og barns utvikling - Allt om kl\u00e4mmisar!","og_description":"Vi f\u00e5r ofte sp\u00f8rsm\u00e5l om hvordan klemmeposer kan p\u00e5virke barns utvikling. I dette innlegget g\u00e5r vi gjennom hva den nyeste forskningen sier om hvorvidt de har en innvirkning.","og_url":"https:\/\/xn--klmmis-cua.se\/no\/blogg-no\/klemmer-og-barns-utvikling\/","og_site_name":"Allt om kl\u00e4mmisar!","article_author":"https:\/\/www.facebook.com\/Klmmisse-107565340664378\/","article_published_time":"2019-11-18T21:16:37+00:00","article_modified_time":"2025-07-06T17:14:15+00:00","og_image":[{"width":800,"height":800,"url":"https:\/\/xn--klmmis-cua.se\/wp-content\/uploads\/2019\/10\/barn-med-kla\u0308mmis-1.jpg","type":"image\/jpeg"}],"author":"Svensson Andr\u00e9","twitter_card":"summary_large_image","twitter_misc":{"Skrevet av":"Svensson Andr\u00e9","Ansl. lesetid":"2 minutter"},"schema":{"@context":"https:\/\/schema.org","@graph":[{"@type":"Article","@id":"https:\/\/xn--klmmis-cua.se\/no\/blogg-no\/klemmer-og-barns-utvikling\/#article","isPartOf":{"@id":"https:\/\/xn--klmmis-cua.se\/no\/blogg-no\/klemmer-og-barns-utvikling\/"},"author":{"name":"Svensson Andr\u00e9","@id":"https:\/\/xn--klmmis-cua.se\/no\/#\/schema\/person\/8092e594d0f039659e33a1a73ecea786"},"headline":"Klemmeposer og barns utvikling","datePublished":"2019-11-18T21:16:37+00:00","dateModified":"2025-07-06T17:14:15+00:00","mainEntityOfPage":{"@id":"https:\/\/xn--klmmis-cua.se\/no\/blogg-no\/klemmer-og-barns-utvikling\/"},"wordCount":375,"commentCount":0,"publisher":{"@id":"https:\/\/xn--klmmis-cua.se\/no\/#organization"},"image":{"@id":"https:\/\/xn--klmmis-cua.se\/no\/blogg-no\/klemmer-og-barns-utvikling\/#primaryimage"},"thumbnailUrl":"https:\/\/xn--klmmis-cua.se\/wp-content\/uploads\/2019\/10\/barn-med-kla\u0308mmis-1.jpg","articleSection":["Blogg"],"inLanguage":"nb-NO","potentialAction":[{"@type":"CommentAction","name":"Comment","target":["https:\/\/xn--klmmis-cua.se\/no\/blogg-no\/klemmer-og-barns-utvikling\/#respond"]}]},{"@type":"WebPage","@id":"https:\/\/xn--klmmis-cua.se\/no\/blogg-no\/klemmer-og-barns-utvikling\/","url":"https:\/\/xn--klmmis-cua.se\/no\/blogg-no\/klemmer-og-barns-utvikling\/","name":"Klemmeposer og barns utvikling - Allt om kl\u00e4mmisar!","isPartOf":{"@id":"https:\/\/xn--klmmis-cua.se\/no\/#website"},"primaryImageOfPage":{"@id":"https:\/\/xn--klmmis-cua.se\/no\/blogg-no\/klemmer-og-barns-utvikling\/#primaryimage"},"image":{"@id":"https:\/\/xn--klmmis-cua.se\/no\/blogg-no\/klemmer-og-barns-utvikling\/#primaryimage"},"thumbnailUrl":"https:\/\/xn--klmmis-cua.se\/wp-content\/uploads\/2019\/10\/barn-med-kla\u0308mmis-1.jpg","datePublished":"2019-11-18T21:16:37+00:00","dateModified":"2025-07-06T17:14:15+00:00","description":"Vi f\u00e5r ofte sp\u00f8rsm\u00e5l om hvordan klemmeposer kan p\u00e5virke barns utvikling. I dette innlegget g\u00e5r vi gjennom hva den nyeste forskningen sier om hvorvidt de har en innvirkning.","breadcrumb":{"@id":"https:\/\/xn--klmmis-cua.se\/no\/blogg-no\/klemmer-og-barns-utvikling\/#breadcrumb"},"inLanguage":"nb-NO","potentialAction":[{"@type":"ReadAction","target":["https:\/\/xn--klmmis-cua.se\/no\/blogg-no\/klemmer-og-barns-utvikling\/"]}]},{"@type":"ImageObject","inLanguage":"nb-NO","@id":"https:\/\/xn--klmmis-cua.se\/no\/blogg-no\/klemmer-og-barns-utvikling\/#primaryimage","url":"https:\/\/xn--klmmis-cua.se\/wp-content\/uploads\/2019\/10\/barn-med-kla\u0308mmis-1.jpg","contentUrl":"https:\/\/xn--klmmis-cua.se\/wp-content\/uploads\/2019\/10\/barn-med-kla\u0308mmis-1.jpg","width":800,"height":800},{"@type":"BreadcrumbList","@id":"https:\/\/xn--klmmis-cua.se\/no\/blogg-no\/klemmer-og-barns-utvikling\/#breadcrumb","itemListElement":[{"@type":"ListItem","position":1,"name":"Hjem","item":"https:\/\/xn--klmmis-cua.se\/no\/hjem\/"},{"@type":"ListItem","position":2,"name":"Klemmeposer og barns utvikling"}]},{"@type":"WebSite","@id":"https:\/\/xn--klmmis-cua.se\/no\/#website","url":"https:\/\/xn--klmmis-cua.se\/no\/","name":"Allt om kl\u00e4mmisar!","description":"Recept och inspiration till kl\u00e4mmisar","publisher":{"@id":"https:\/\/xn--klmmis-cua.se\/no\/#organization"},"potentialAction":[{"@type":"SearchAction","target":{"@type":"EntryPoint","urlTemplate":"https:\/\/xn--klmmis-cua.se\/no\/?s={search_term_string}"},"query-input":{"@type":"PropertyValueSpecification","valueRequired":true,"valueName":"search_term_string"}}],"inLanguage":"nb-NO"},{"@type":"Organization","@id":"https:\/\/xn--klmmis-cua.se\/no\/#organization","name":"Kl\u00e4mmis.se","url":"https:\/\/xn--klmmis-cua.se\/no\/","logo":{"@type":"ImageObject","inLanguage":"nb-NO","@id":"https:\/\/xn--klmmis-cua.se\/no\/#\/schema\/logo\/image\/","url":"https:\/\/xn--klmmis-cua.se\/wp-content\/uploads\/2019\/11\/klammis-se-logo.jpg","contentUrl":"https:\/\/xn--klmmis-cua.se\/wp-content\/uploads\/2019\/11\/klammis-se-logo.jpg","width":573,"height":565,"caption":"Kl\u00e4mmis.se"},"image":{"@id":"https:\/\/xn--klmmis-cua.se\/no\/#\/schema\/logo\/image\/"},"sameAs":["https:\/\/www.instagram.com\/klammis.se\/"]},{"@type":"Person","@id":"https:\/\/xn--klmmis-cua.se\/no\/#\/schema\/person\/8092e594d0f039659e33a1a73ecea786","name":"Svensson Andr\u00e9","image":{"@type":"ImageObject","inLanguage":"nb-NO","@id":"https:\/\/secure.gravatar.com\/avatar\/21cde482852c04574890914b0223036138002a4bf06367c6c1212762ec235125?s=96&r=g","url":"https:\/\/secure.gravatar.com\/avatar\/21cde482852c04574890914b0223036138002a4bf06367c6c1212762ec235125?s=96&r=g","contentUrl":"https:\/\/secure.gravatar.com\/avatar\/21cde482852c04574890914b0223036138002a4bf06367c6c1212762ec235125?s=96&r=g","caption":"Svensson Andr\u00e9"},"sameAs":["http:\/\/kl\u00e4mmis.se","https:\/\/www.facebook.com\/Klmmisse-107565340664378\/","https:\/\/www.instagram.com\/klammis.se\/"]}]}},"_links":{"self":[{"href":"https:\/\/xn--klmmis-cua.se\/no\/wp-json\/wp\/v2\/posts\/4724","targetHints":{"allow":["GET"]}}],"collection":[{"href":"https:\/\/xn--klmmis-cua.se\/no\/wp-json\/wp\/v2\/posts"}],"about":[{"href":"https:\/\/xn--klmmis-cua.se\/no\/wp-json\/wp\/v2\/types\/post"}],"author":[{"embeddable":true,"href":"https:\/\/xn--klmmis-cua.se\/no\/wp-json\/wp\/v2\/users\/1"}],"replies":[{"embeddable":true,"href":"https:\/\/xn--klmmis-cua.se\/no\/wp-json\/wp\/v2\/comments?post=4724"}],"version-history":[{"count":3,"href":"https:\/\/xn--klmmis-cua.se\/no\/wp-json\/wp\/v2\/posts\/4724\/revisions"}],"predecessor-version":[{"id":5482,"href":"https:\/\/xn--klmmis-cua.se\/no\/wp-json\/wp\/v2\/posts\/4724\/revisions\/5482"}],"wp:featuredmedia":[{"embeddable":true,"href":"https:\/\/xn--klmmis-cua.se\/no\/wp-json\/wp\/v2\/media\/4383"}],"wp:attachment":[{"href":"https:\/\/xn--klmmis-cua.se\/no\/wp-json\/wp\/v2\/media?parent=4724"}],"wp:term":[{"taxonomy":"category","embeddable":true,"href":"https:\/\/xn--klmmis-cua.se\/no\/wp-json\/wp\/v2\/categories?post=4724"},{"taxonomy":"post_tag","embeddable":true,"href":"https:\/\/xn--klmmis-cua.se\/no\/wp-json\/wp\/v2\/tags?post=4724"}],"curies":[{"name":"wp","href":"https:\/\/api.w.org\/{rel}","templated":true}]}}